{"id":37427,"date":"2015-12-29T02:42:11","date_gmt":"2015-12-29T01:42:11","guid":{"rendered":"http:\/\/2horizontes.com\/?p=37427"},"modified":"2015-12-29T02:42:11","modified_gmt":"2015-12-29T01:42:11","slug":"eeuu-celebra-gran-derrota-de-ei-en-ramadi-y-urge-a-asegurar-su-recuperacion","status":"publish","type":"post","link":"https:\/\/2horizontes.com\/?p=37427","title":{"rendered":"EEUU celebra \u00abgran derrota\u00bb de EI en Ramadi y urge a asegurar su recuperaci\u00f3n"},"content":{"rendered":"<div id=\"ArticleAuthorDiv\" class=\"article-body-author\"><b>EFE<\/b><\/div>\n<div id=\"ArticleSourceDiv\" class=\"article-body-author\"><b>Washington<\/b><\/div>\n<div id=\"ArticleBody\">\n<p>El secretario de Estado de EE.UU., John Kerry, afirm\u00f3 hoy que la ciudad de Ramadi a\u00fan no est\u00e1 \u00abtotalmente controlada\u00bb por las fuerzas iraqu\u00edes, aunque asegur\u00f3 que los combatientes del Estado Isl\u00e1mico (EI) han sufrido una \u00abgran derrota\u00bb.<\/p>\n<p>\u00abAunque Ramadi todav\u00eda no est\u00e1 totalmente controlada y otras partes de la ciudad todav\u00eda deben ser retomadas, la bandera iraqu\u00ed ahora ondea sobre la sede del gobierno provincial y las fuerzas enemigas han sufrido una gran derrota\u00bb, indic\u00f3 Kerry en un comunicado.<\/p>\n<p>Expres\u00f3, asimismo, su admiraci\u00f3n por \u00abla determinaci\u00f3n, coraje y capacidad de las fuerzas iraqu\u00edes para acercar el d\u00eda en el que la ciudad pueda ser devuelta a las familias que tuvieron que huir del terror de EI\u00bb, y apunt\u00f3 que estos esfuerzos han sido \u00abrespaldados\u00bb por ataques a\u00e9reos de EE.UU. y la coalici\u00f3n internacional.<\/p>\n<p>De este modo Kerry matizaba el anuncio realizado hoy por el Gobierno de Irak de la \u00abliberaci\u00f3n total\u00bb de Ramadi, capital de la provincia de Al Anbar (oeste), despu\u00e9s de una semana de combates contra el grupo yihadista EI, que la conquist\u00f3 en mayo.<\/p>\n<p>El jefe de la diplomacia estadounidense remarc\u00f3 que \u00abexpulsar al EI de \u00e1reas que ha ocupado es una parte central de la estrategia de seguridad de Irak, pero tambi\u00e9n es vital reconstruir y estabilizar las zonas que han sido liberadas\u00bb.<\/p>\n<p>Por ello, remarc\u00f3 que EE.UU. y los miembros de la coalici\u00f3n internacional se han comprometido a entregar 50 millones de d\u00f3lares al fondo de estabilizaci\u00f3n de las Naciones Unidas para apoyar estas tareas.<\/p>\n<p>Kerry indic\u00f3 que la derrota de EI en Ramadi \u00abno es un hecho aislado\u00bb, y lo enmarc\u00f3 en los golpes sufridos por los yihadistas este a\u00f1o en otras ciudades iraqu\u00edes como Tikrit, Baiji y Sinjar, as\u00ed como en el norte de Siria.<\/p>\n<p>La p\u00e9rdida de Ramadi supone un duro golpe para el EI y permitir\u00e1 a las fuerzas gubernamentales centrarse en la liberaci\u00f3n de Mosul, el principal feudo del grupo extremista en Irak, situado en el norte del pa\u00eds.<\/p>\n<\/div>\n","protected":false},"excerpt":{"rendered":"<p>EFE Washington El secretario de Estado de EE.UU., John Kerry, afirm\u00f3 hoy que la ciudad de Ramadi a\u00fan no est\u00e1 \u00abtotalmente controlada\u00bb por las fuerzas iraqu\u00edes, aunque asegur\u00f3 que los combatientes del Estado Isl\u00e1mico (EI) han sufrido una \u00abgran derrota\u00bb. \u00abAunque Ramadi todav\u00eda no est\u00e1 totalmente controlada y otras partes de la ciudad todav\u00eda deben [&hellip;]<\/p>\n","protected":false},"author":8,"featured_media":37428,"comment_status":"open","ping_status":"open","sticky":false,"template":"","format":"standard","meta":{"footnotes":""},"categories":[40,43],"tags":[],"class_list":["post-37427","post","type-post","status-publish","format-standard","has-post-thumbnail","hentry","category-internacionales","category-politica"],"_links":{"self":[{"href":"https:\/\/2horizontes.com\/index.php?rest_route=\/wp\/v2\/posts\/37427","targetHints":{"allow":["GET"]}}],"collection":[{"href":"https:\/\/2horizontes.com\/index.php?rest_route=\/wp\/v2\/posts"}],"about":[{"href":"https:\/\/2horizontes.com\/index.php?rest_route=\/wp\/v2\/types\/post"}],"author":[{"embeddable":true,"href":"https:\/\/2horizontes.com\/index.php?rest_route=\/wp\/v2\/users\/8"}],"replies":[{"embeddable":true,"href":"https:\/\/2horizontes.com\/index.php?rest_route=%2Fwp%2Fv2%2Fcomments&post=37427"}],"version-history":[{"count":1,"href":"https:\/\/2horizontes.com\/index.php?rest_route=\/wp\/v2\/posts\/37427\/revisions"}],"predecessor-version":[{"id":37429,"href":"https:\/\/2horizontes.com\/index.php?rest_route=\/wp\/v2\/posts\/37427\/revisions\/37429"}],"wp:featuredmedia":[{"embeddable":true,"href":"https:\/\/2horizontes.com\/index.php?rest_route=\/wp\/v2\/media\/37428"}],"wp:attachment":[{"href":"https:\/\/2horizontes.com\/index.php?rest_route=%2Fwp%2Fv2%2Fmedia&parent=37427"}],"wp:term":[{"taxonomy":"category","embeddable":true,"href":"https:\/\/2horizontes.com\/index.php?rest_route=%2Fwp%2Fv2%2Fcategories&post=37427"},{"taxonomy":"post_tag","embeddable":true,"href":"https:\/\/2horizontes.com\/index.php?rest_route=%2Fwp%2Fv2%2Ftags&post=37427"}],"curies":[{"name":"wp","href":"https:\/\/api.w.org\/{rel}","templated":true}]}}