{"id":37378,"date":"2015-12-28T16:12:06","date_gmt":"2015-12-28T15:12:06","guid":{"rendered":"http:\/\/2horizontes.com\/?p=37378"},"modified":"2015-12-28T16:12:06","modified_gmt":"2015-12-28T15:12:06","slug":"por-que-el-28-de-diciembre-se-celebra-el-dia-de-los-inocentes","status":"publish","type":"post","link":"https:\/\/2horizontes.com\/?p=37378","title":{"rendered":"\u00bfPor qu\u00e9 el 28 de diciembre se celebra el D\u00eda de los Inocentes?"},"content":{"rendered":"<p><strong>Mundo<\/strong><\/p>\n<p>El <b>D\u00eda de los Inocentes,<\/b> cada 28 de diciembre, tiene m\u00e1s de <b>mil a\u00f1os de historia y comenz\u00f3 como la fiesta cat\u00f3lica de los Ni\u00f1os Inocentes<\/b>, en conmemoraci\u00f3n a la matanza de todos los ni\u00f1os menores de dos a\u00f1os ordenada por Herodes al enterarse de que hab\u00eda nacido el Mes\u00edas.<\/p>\n<p>Con el paso del tiempo, la <b>tradici\u00f3n pagana fue quit\u00e1ndole el aspecto tr\u00e1gico a la fecha<\/b>hasta convertirse en el D\u00eda de los Santos Inocentes: una oportunidad para <b>jugarle bromas a los ingenuos y luego repetir la frase \u00abque la inocencia te valga\u00bb.<\/b><\/p>\n<p><span id=\"saysCMSEmphasismowamxqwf1ypsyvi\" class=\"saysCMSEmphasis\">SE CONMEMORA LA MATANZA DE TODOS LOS NI\u00d1OS MENORES DE DOS A\u00d1OS ORDENADA POR HERODES<\/span><\/p>\n<h3 id=\"titleCMSst6gaa7wuzl7hkt9\" class=\"tdCmsTitle2\">La historia<\/h3>\n<p>De acuerdo con lo relatado en el Evangelio de San Mateo, la historia comienza cuando unos<b>magos llegan a Jerusal\u00e9n en busca del futuro Rey de Israel que seg\u00fan ellos acababa de nacer<\/b>. Explicaron que hab\u00edan visto aparecer su <b>estrella en el Oriente<\/b> y recordaron la profec\u00eda del Antiguo Testamento que dec\u00eda: \u00abCuando aparezca una nueva estrella en Israel, es que ha nacido un nuevo rey que reinar\u00e1 sobre todas las naciones.<\/p>\n<p>Seg\u00fan San Mateo, <b>Herodes el Grande, obsesionado con el poder y por el temor a perderlo<\/b>, al enterarse de que hab\u00eda nacido un nuevo rey orden\u00f3 que le dieran <b>muerte inmediatamente.<\/b><\/p>\n<p><span id=\"saysCMSEmphasisoxie1xqaiyrjm7vi\" class=\"saysCMSEmphasis\">HERODES ENVI\u00d3 A LOS MAGOS A ENCONTRAR AL NI\u00d1O JES\u00daS PARA ASESINARLO<\/span><\/p>\n<p>El mismo relato detalla que Herodes se reuni\u00f3 con los <b>magos fingiendo un inter\u00e9s por el ni\u00f1o y los despidi\u00f3 con un \u00abvayan y se informan bien acerca de ese ni\u00f1o<\/b>, y cuando lo encuentren vienen y me informan, para ir yo tambi\u00e9n a adorarlo\u00bb.<\/p>\n<p>Los magos se fueron a Bel\u00e9n guiados por la estrella que se les apareci\u00f3 otra vez, al salir de Jerusal\u00e9n, y llenos de alegr\u00eda <b>encontraron al Ni\u00f1o Jes\u00fas junto a la Virgen Mar\u00eda y San Jos\u00e9<\/b>; lo adoraron y le ofrecieron sus regalos de oro, incienso y mirra.<\/p>\n<p><strong><span id=\"saysCMSEmphasisb7s7bkf1e0yq4cxr\" class=\"saysCMSEmphasis\">FRUSTRADO POR NO PODER HALLAR AL NI\u00d1O JES\u00daS, HERODES ORDEN\u00d3 LA CRUEL MATANZA<\/span><\/strong><\/p>\n<p>Pero a trav\u00e9s de sus sue\u00f1os recibieron un aviso de Dios de que <b>no volvieran a Jerusal\u00e9n y regresaron a sus pa\u00edses por otros caminos<\/b>, mientras Herodes se qued\u00f3 furioso y sin poder saber d\u00f3nde estaba el reci\u00e9n nacido.<\/p>\n<p>Entonces rode\u00f3 con su ej\u00e9rcito la ciudad de Bel\u00e9n y orden\u00f3 a sus soldados a que mataran a todos los ni\u00f1os menores de dos a\u00f1os en la ciudad y sus alrededores. Un \u00e1ngel avis\u00f3 a San Jos\u00e9 para que saliera huyendo hacia Egipto, y as\u00ed, cuando llegaron los soldados de Herodes, el ni\u00f1o Jes\u00fas ya hab\u00eda abandonado Bel\u00e9n. Sin embargo, el <b>Ej\u00e9rcito asesin\u00f3 a todos los peque\u00f1os \u00abSantos Inocentes\u00bb ni\u00f1os que habitaban la ciudad.<\/b><\/p>\n<p>F. Infobae.<\/p>\n","protected":false},"excerpt":{"rendered":"<p>Mundo El D\u00eda de los Inocentes, cada 28 de diciembre, tiene m\u00e1s de mil a\u00f1os de historia y comenz\u00f3 como la fiesta cat\u00f3lica de los Ni\u00f1os Inocentes, en conmemoraci\u00f3n a la matanza de todos los ni\u00f1os menores de dos a\u00f1os ordenada por Herodes al enterarse de que hab\u00eda nacido el Mes\u00edas. Con el paso del [&hellip;]<\/p>\n","protected":false},"author":7,"featured_media":37379,"comment_status":"open","ping_status":"open","sticky":false,"template":"","format":"standard","meta":{"footnotes":""},"categories":[62,40],"tags":[],"class_list":["post-37378","post","type-post","status-publish","format-standard","has-post-thumbnail","hentry","category-cultura","category-internacionales"],"_links":{"self":[{"href":"https:\/\/2horizontes.com\/index.php?rest_route=\/wp\/v2\/posts\/37378","targetHints":{"allow":["GET"]}}],"collection":[{"href":"https:\/\/2horizontes.com\/index.php?rest_route=\/wp\/v2\/posts"}],"about":[{"href":"https:\/\/2horizontes.com\/index.php?rest_route=\/wp\/v2\/types\/post"}],"author":[{"embeddable":true,"href":"https:\/\/2horizontes.com\/index.php?rest_route=\/wp\/v2\/users\/7"}],"replies":[{"embeddable":true,"href":"https:\/\/2horizontes.com\/index.php?rest_route=%2Fwp%2Fv2%2Fcomments&post=37378"}],"version-history":[{"count":1,"href":"https:\/\/2horizontes.com\/index.php?rest_route=\/wp\/v2\/posts\/37378\/revisions"}],"predecessor-version":[{"id":37380,"href":"https:\/\/2horizontes.com\/index.php?rest_route=\/wp\/v2\/posts\/37378\/revisions\/37380"}],"wp:featuredmedia":[{"embeddable":true,"href":"https:\/\/2horizontes.com\/index.php?rest_route=\/wp\/v2\/media\/37379"}],"wp:attachment":[{"href":"https:\/\/2horizontes.com\/index.php?rest_route=%2Fwp%2Fv2%2Fmedia&parent=37378"}],"wp:term":[{"taxonomy":"category","embeddable":true,"href":"https:\/\/2horizontes.com\/index.php?rest_route=%2Fwp%2Fv2%2Fcategories&post=37378"},{"taxonomy":"post_tag","embeddable":true,"href":"https:\/\/2horizontes.com\/index.php?rest_route=%2Fwp%2Fv2%2Ftags&post=37378"}],"curies":[{"name":"wp","href":"https:\/\/api.w.org\/{rel}","templated":true}]}}