{"id":37372,"date":"2015-12-28T16:03:15","date_gmt":"2015-12-28T15:03:15","guid":{"rendered":"http:\/\/2horizontes.com\/?p=37372"},"modified":"2015-12-28T16:03:15","modified_gmt":"2015-12-28T15:03:15","slug":"fuerzas-iraquies-recuperan-el-control-del-complejo-gubernamental-de-ramadi","status":"publish","type":"post","link":"https:\/\/2horizontes.com\/?p=37372","title":{"rendered":"Fuerzas iraqu\u00edes recuperan el control del complejo gubernamental de Ramadi"},"content":{"rendered":"<div id=\"ArticleAuthorDiv\" class=\"article-body-author\"><b>EFE<\/b><\/div>\n<div id=\"ArticleSourceDiv\" class=\"article-body-author\"><b>El Cairo<\/b><\/div>\n<div id=\"ArticleBody\">\n<p>Las fuerzas iraqu\u00edes consiguieron recuperar el control total del complejo gubernamental de Ramadi, situado en el centro de la ciudad, y levantaron la bandera nacional sobre el mismo, informaron a Efe fuentes militares.<\/p>\n<p>Las fuerzas antiterroristas, apoyadas por unidades del Ej\u00e9rcito, entraron en el conjunto de edificios desde tres direcciones y se enfrentaron a miembros del grupo terrorista Estado Isl\u00e1mico (EI) que a\u00fan estaban en su interior.<\/p>\n<p>Al menos 40 yihadistas fueron abatidos en el transcurso de la operaci\u00f3n, a\u00f1adieron las fuentes.<\/p>\n<p>Mientras, en estos momentos, las tropas gubernamentales est\u00e1n desactivando los artefactos explosivos que fueron plantados por los extremistas en el complejo para dificultar su toma.<\/p>\n<p>Las fuerzas iraqu\u00edes, apoyadas por la aviaci\u00f3n nacional y de la coalici\u00f3n internacional liderada por Estados Unidos, han tardado varios d\u00edas en hacerse con el control de ese complejo, que alberga las principales sedes administrativas, entre ellas la de la Gobernaci\u00f3n provincial de Al Anbar, de la que Ramadi es capital.<\/p>\n<p>Por otra parte, el Ej\u00e9rcito anunci\u00f3 que las tropas contin\u00faan avanzando dentro de Ramadi y tomaron la plaza de Albufarash, de donde expulsaron a los yihadistas y sobre la que levantaron la bandera iraqu\u00ed.<\/p>\n<p>Asimismo, hoy fueron reconquistadas varias zonas en el centro de la ciudad de Ramadi, as\u00ed como la presa de la ciudad, en el marco de la operaci\u00f3n para liberar el n\u00facleo de la urbe, lanzada la semana pasada por Bagdad.<\/p>\n<p>Ayer, las fuerzas iraqu\u00edes tomaron el control del c\u00e9ntrico barrio de Al Huz y de un importante puente sobre el r\u00edo \u00c9ufrates que lleva al centro de la ciudad.<\/p>\n<p>A principios de mes, el Gobierno recuper\u00f3 algunos barrios perif\u00e9ricos de Ramadi, que cay\u00f3 en manos del EI el pasado mes de mayo de forma r\u00e1pida y sorpresiva.<\/p>\n<p>El EI proclam\u00f3 un califato en junio de 2014 en las zonas que controla en Siria y en Irak, donde conquist\u00f3 amplias \u00e1reas del norte, noreste y oeste.<\/p>\n<\/div>\n","protected":false},"excerpt":{"rendered":"<p>EFE El Cairo Las fuerzas iraqu\u00edes consiguieron recuperar el control total del complejo gubernamental de Ramadi, situado en el centro de la ciudad, y levantaron la bandera nacional sobre el mismo, informaron a Efe fuentes militares. Las fuerzas antiterroristas, apoyadas por unidades del Ej\u00e9rcito, entraron en el conjunto de edificios desde tres direcciones y se [&hellip;]<\/p>\n","protected":false},"author":7,"featured_media":37373,"comment_status":"open","ping_status":"open","sticky":false,"template":"","format":"standard","meta":{"footnotes":""},"categories":[40],"tags":[],"class_list":["post-37372","post","type-post","status-publish","format-standard","has-post-thumbnail","hentry","category-internacionales"],"_links":{"self":[{"href":"https:\/\/2horizontes.com\/index.php?rest_route=\/wp\/v2\/posts\/37372","targetHints":{"allow":["GET"]}}],"collection":[{"href":"https:\/\/2horizontes.com\/index.php?rest_route=\/wp\/v2\/posts"}],"about":[{"href":"https:\/\/2horizontes.com\/index.php?rest_route=\/wp\/v2\/types\/post"}],"author":[{"embeddable":true,"href":"https:\/\/2horizontes.com\/index.php?rest_route=\/wp\/v2\/users\/7"}],"replies":[{"embeddable":true,"href":"https:\/\/2horizontes.com\/index.php?rest_route=%2Fwp%2Fv2%2Fcomments&post=37372"}],"version-history":[{"count":1,"href":"https:\/\/2horizontes.com\/index.php?rest_route=\/wp\/v2\/posts\/37372\/revisions"}],"predecessor-version":[{"id":37374,"href":"https:\/\/2horizontes.com\/index.php?rest_route=\/wp\/v2\/posts\/37372\/revisions\/37374"}],"wp:featuredmedia":[{"embeddable":true,"href":"https:\/\/2horizontes.com\/index.php?rest_route=\/wp\/v2\/media\/37373"}],"wp:attachment":[{"href":"https:\/\/2horizontes.com\/index.php?rest_route=%2Fwp%2Fv2%2Fmedia&parent=37372"}],"wp:term":[{"taxonomy":"category","embeddable":true,"href":"https:\/\/2horizontes.com\/index.php?rest_route=%2Fwp%2Fv2%2Fcategories&post=37372"},{"taxonomy":"post_tag","embeddable":true,"href":"https:\/\/2horizontes.com\/index.php?rest_route=%2Fwp%2Fv2%2Ftags&post=37372"}],"curies":[{"name":"wp","href":"https:\/\/api.w.org\/{rel}","templated":true}]}}