{"id":37358,"date":"2015-12-28T15:50:27","date_gmt":"2015-12-28T14:50:27","guid":{"rendered":"http:\/\/2horizontes.com\/?p=37358"},"modified":"2015-12-28T15:50:27","modified_gmt":"2015-12-28T14:50:27","slug":"gobernador-puerto-rico-comunica-a-onu-cambio-de-postura-de-ee-uu-sobre-la-isla","status":"publish","type":"post","link":"https:\/\/2horizontes.com\/?p=37358","title":{"rendered":"Gobernador Puerto Rico comunica a ONU \u00abcambio de postura\u00bb de EE.UU. sobre la isla"},"content":{"rendered":"<div id=\"ArticleAuthorDiv\" class=\"article-body-author\"><b>EFE<\/b><\/div>\n<div id=\"ArticleSourceDiv\" class=\"article-body-author\"><b>San Juan<\/b><\/div>\n<div id=\"ArticleBody\">\n<p>El gobernador de Puerto Rico, Alejandro Garc\u00eda Padilla, envi\u00f3 una carta al secretario general de la ONU, Ban Ki-Moon, para darle a conocer el \u00abcambio de postura\u00bb que, seg\u00fan \u00e9l, ha tomado Estados Unidos sobre la relaci\u00f3n pol\u00edtica que mantiene con la isla, un Estado Libre Asociado de ese pa\u00eds.<\/p>\n<p>El Ejecutivo puertorrique\u00f1o hizo p\u00fablica hoy la carta enviada a Ban, una iniciativa que sigue a un pronunciamiento del procurador general de EE.UU., Donald Verrilli, en el que este se\u00f1al\u00f3 que Puerto Rico no tiene soberan\u00eda propia para juzgar a una persona que ya hab\u00eda sido juzgada en el \u00e1mbito federal de EE.UU.<\/p>\n<p>Verrilli se pronunci\u00f3 as\u00ed el pasado 24 de diciembre en un alegato ante el Tribunal Supremo de EE.UU. en el caso 15-108 de Puerto Rico contra Luis M. S\u00e1nchez-Valle.<\/p>\n<p>En ese caso, el Tribunal Supremo de Puerto Rico decidi\u00f3 que la isla no tiene soberan\u00eda propia para juzgar a una persona que ya hab\u00eda sido juzgada en el \u00e1mbito federal de EE.UU.<\/p>\n<p>El Departamento de Justicia de Puerto Rico, en respuesta, pidi\u00f3 una revisi\u00f3n al Tribunal Supremo estadounidense, la cual fue concedida y para la que Verilli pidi\u00f3 que se ratifique la decisi\u00f3n del Tribunal Supremo de Puerto Rico.<\/p>\n<p>\u00abEl procurador general de EE.UU. ha cambiado la postura sobre Puerto Rico asumida por d\u00e9cadas ante la comunidad internacional por los Estados Unidos de Am\u00e9rica\u00bb, se\u00f1ala la carta del gobernador.<\/p>\n<p>La misiva explica que la nueva posici\u00f3n del procurador general en nombre de Estados Unidos sostiene que las leyes y la Constituci\u00f3n del Estado Libre Asociado de Puerto Rico no emanan del pueblo de Puerto Rico, sino que su autoridad \u00faltima recae en el Congreso de Estados Unidos, pues este no la puede delegar.<\/p>\n<p>El jefe del Ejecutivo puertorrique\u00f1o subraya en la carta que la postura defendida por Verilli es, en su opini\u00f3n, contraria a la jurisprudencia federal vigente.<\/p>\n<p>El gobernador record\u00f3 que en 1953 Estados Unidos obtuvo la autorizaci\u00f3n de Naciones Unidas \u00abpara suspender la transmisi\u00f3n de informes sobre la situaci\u00f3n de Puerto Rico bajo el Art\u00edculo 73 de su Carta Constitutiva, con base en el grado de soberan\u00eda que Puerto Rico obtuvo en el proceso constitucional de 1952\u00bb.<\/p>\n<p>Garc\u00eda Padilla record\u00f3 adem\u00e1s que en su comparecencia ante las Naciones Unidas en 1953, Estados Unidos enfatiz\u00f3 que la Constituci\u00f3n de Puerto Rico precept\u00faa que \u00abel poder pol\u00edtico -del Estado Libre Asociado- emana del pueblo y debe ejercerse de acuerdo con su voluntad, dentro de los t\u00e9rminos del pacto acordado entre el pueblo de Puerto Rico y los Estados Unidos de Am\u00e9rica\u00bb, citando el art\u00edculo 1 de la Constituci\u00f3n de Puerto Rico.<\/p>\n<p>Seg\u00fan el jefe del Ejecutivo de la isla caribe\u00f1a, Estados Unidos caracteriz\u00f3 la Constituci\u00f3n de Puerto Rico como una \u00absimilar a la de un Estado de la Uni\u00f3n Federada\u00bb.<\/p>\n<p>Adem\u00e1s, se\u00f1ala Garc\u00eda Padilla en la carta, estableci\u00f3 que \u00abla Asamblea Legislativa de Puerto Rico tiene autoridad legislativa completa en materia de asuntos locales\u00bb.<\/p>\n<p>\u00abLa postura asumida ahora por el procurador general es irreconciliable con las expresiones hechas por Estados Unidos a las Naciones Unidas sobre las cuales esta entidad les relev\u00f3 de sus obligaciones bajo el Art\u00edculo 73\u00bb, explic\u00f3.<\/p>\n<p>\u00abCreo es mi obligaci\u00f3n moral, defender y aclarar el r\u00e9cord hist\u00f3rico, no solo frente a nosotros mismos sino ante las cortes, ante Estados Unidos y ante la comunidad internacional\u00bb, termin\u00f3 afirmando Garc\u00eda Padilla.<\/p>\n<\/div>\n","protected":false},"excerpt":{"rendered":"<p>EFE San Juan El gobernador de Puerto Rico, Alejandro Garc\u00eda Padilla, envi\u00f3 una carta al secretario general de la ONU, Ban Ki-Moon, para darle a conocer el \u00abcambio de postura\u00bb que, seg\u00fan \u00e9l, ha tomado Estados Unidos sobre la relaci\u00f3n pol\u00edtica que mantiene con la isla, un Estado Libre Asociado de ese pa\u00eds. El Ejecutivo [&hellip;]<\/p>\n","protected":false},"author":7,"featured_media":37359,"comment_status":"open","ping_status":"open","sticky":false,"template":"","format":"standard","meta":{"footnotes":""},"categories":[40,43],"tags":[],"class_list":["post-37358","post","type-post","status-publish","format-standard","has-post-thumbnail","hentry","category-internacionales","category-politica"],"_links":{"self":[{"href":"https:\/\/2horizontes.com\/index.php?rest_route=\/wp\/v2\/posts\/37358","targetHints":{"allow":["GET"]}}],"collection":[{"href":"https:\/\/2horizontes.com\/index.php?rest_route=\/wp\/v2\/posts"}],"about":[{"href":"https:\/\/2horizontes.com\/index.php?rest_route=\/wp\/v2\/types\/post"}],"author":[{"embeddable":true,"href":"https:\/\/2horizontes.com\/index.php?rest_route=\/wp\/v2\/users\/7"}],"replies":[{"embeddable":true,"href":"https:\/\/2horizontes.com\/index.php?rest_route=%2Fwp%2Fv2%2Fcomments&post=37358"}],"version-history":[{"count":1,"href":"https:\/\/2horizontes.com\/index.php?rest_route=\/wp\/v2\/posts\/37358\/revisions"}],"predecessor-version":[{"id":37360,"href":"https:\/\/2horizontes.com\/index.php?rest_route=\/wp\/v2\/posts\/37358\/revisions\/37360"}],"wp:featuredmedia":[{"embeddable":true,"href":"https:\/\/2horizontes.com\/index.php?rest_route=\/wp\/v2\/media\/37359"}],"wp:attachment":[{"href":"https:\/\/2horizontes.com\/index.php?rest_route=%2Fwp%2Fv2%2Fmedia&parent=37358"}],"wp:term":[{"taxonomy":"category","embeddable":true,"href":"https:\/\/2horizontes.com\/index.php?rest_route=%2Fwp%2Fv2%2Fcategories&post=37358"},{"taxonomy":"post_tag","embeddable":true,"href":"https:\/\/2horizontes.com\/index.php?rest_route=%2Fwp%2Fv2%2Ftags&post=37358"}],"curies":[{"name":"wp","href":"https:\/\/api.w.org\/{rel}","templated":true}]}}