{"id":37267,"date":"2015-12-28T01:39:07","date_gmt":"2015-12-28T00:39:07","guid":{"rendered":"http:\/\/2horizontes.com\/?p=37267"},"modified":"2015-12-28T01:39:07","modified_gmt":"2015-12-28T00:39:07","slug":"helicoptero-presidencial-aterriza-de-emergencia-en-una-finca-de-salcedo-rd","status":"publish","type":"post","link":"https:\/\/2horizontes.com\/?p=37267","title":{"rendered":"Helic\u00f3ptero presidencial aterriza de emergencia en una finca de Salcedo RD"},"content":{"rendered":"<p>RD-SALCEDO.- Un helic\u00f3ptero oficial que transportaba funcionarios del gobierno aterriz\u00f3\u00a0de emergencia en la comunidad\u00a0Barahona, de este municipio.<\/p>\n<p>La nave, matr\u00edcula 3035, \u00a0azul, aterriz\u00f3 en una finca de la familia Toribio. Era resguardada por efectivos militares y policiales, quienes con un celo extremo imped\u00edan que periodistas y curiosos se le acercaran.<\/p>\n<p>De acuerdo al senador Luis Ren\u00e9 Cana\u00e1n Rojas, en el helic\u00f3ptero viajaban el director del Instituto Agrario Dominicano (IAD), Emilio Toribio Olivo; el director del Fondo Especial Para el Desarrollo Agropecuario (Feda), Antonio L\u00f3pez (Papi);\u00a0el asesor de prensa del Poder Ejecutivo, periodista Lu\u00eds Garc\u00eda as\u00ed como el asistente del Presidente Danilo Medina, Robert de la Cruz, entre otros.<\/p>\n<p>Seg\u00fan el legislador del PLD, el aterrizaje se hizo de manera forzosa debido al mal tiempo y\u00a0que tan pronto \u00e9l se percat\u00f3 de la situaci\u00f3n se aperson\u00f3 al lugar y en\u00a0varios veh\u00edculos traslad\u00f3 a los citados funcionarios, quienes acompa\u00f1ar\u00edan al Presidente a una visita sorpresa al municipio de Villa Trina, de la provincia Espaillat<\/p>\n<p>A pesar de que el senador neg\u00f3 la especie, se le escucha en un video grabado por el fotoreportero Nelson Medina decir que se estaba\u00a0diligenciado combustible para la nave.<\/p>\n<p>El aterrizaje forzoso se produjo a eso de las 9:35\u00a0minutos de la ma\u00f1ana de este domingo cuando\u00a0sobre este municipio\u00a0ca\u00eda una ligera llovizna.<\/p>\n","protected":false},"excerpt":{"rendered":"<p>RD-SALCEDO.- Un helic\u00f3ptero oficial que transportaba funcionarios del gobierno aterriz\u00f3\u00a0de emergencia en la comunidad\u00a0Barahona, de este municipio. La nave, matr\u00edcula 3035, \u00a0azul, aterriz\u00f3 en una finca de la familia Toribio. Era resguardada por efectivos militares y policiales, quienes con un celo extremo imped\u00edan que periodistas y curiosos se le acercaran. De acuerdo al senador Luis [&hellip;]<\/p>\n","protected":false},"author":8,"featured_media":37268,"comment_status":"open","ping_status":"open","sticky":false,"template":"","format":"standard","meta":{"footnotes":""},"categories":[53,44],"tags":[],"class_list":["post-37267","post","type-post","status-publish","format-standard","has-post-thumbnail","hentry","category-provincias","category-republica-dominicana"],"_links":{"self":[{"href":"https:\/\/2horizontes.com\/index.php?rest_route=\/wp\/v2\/posts\/37267","targetHints":{"allow":["GET"]}}],"collection":[{"href":"https:\/\/2horizontes.com\/index.php?rest_route=\/wp\/v2\/posts"}],"about":[{"href":"https:\/\/2horizontes.com\/index.php?rest_route=\/wp\/v2\/types\/post"}],"author":[{"embeddable":true,"href":"https:\/\/2horizontes.com\/index.php?rest_route=\/wp\/v2\/users\/8"}],"replies":[{"embeddable":true,"href":"https:\/\/2horizontes.com\/index.php?rest_route=%2Fwp%2Fv2%2Fcomments&post=37267"}],"version-history":[{"count":1,"href":"https:\/\/2horizontes.com\/index.php?rest_route=\/wp\/v2\/posts\/37267\/revisions"}],"predecessor-version":[{"id":37269,"href":"https:\/\/2horizontes.com\/index.php?rest_route=\/wp\/v2\/posts\/37267\/revisions\/37269"}],"wp:featuredmedia":[{"embeddable":true,"href":"https:\/\/2horizontes.com\/index.php?rest_route=\/wp\/v2\/media\/37268"}],"wp:attachment":[{"href":"https:\/\/2horizontes.com\/index.php?rest_route=%2Fwp%2Fv2%2Fmedia&parent=37267"}],"wp:term":[{"taxonomy":"category","embeddable":true,"href":"https:\/\/2horizontes.com\/index.php?rest_route=%2Fwp%2Fv2%2Fcategories&post=37267"},{"taxonomy":"post_tag","embeddable":true,"href":"https:\/\/2horizontes.com\/index.php?rest_route=%2Fwp%2Fv2%2Ftags&post=37267"}],"curies":[{"name":"wp","href":"https:\/\/api.w.org\/{rel}","templated":true}]}}