{"id":37264,"date":"2015-12-28T01:13:58","date_gmt":"2015-12-28T00:13:58","guid":{"rendered":"http:\/\/2horizontes.com\/?p=37264"},"modified":"2015-12-28T01:13:58","modified_gmt":"2015-12-28T00:13:58","slug":"denuncia-grupos-empresariales-y-extranjeros-pretenden-controlar-scj","status":"publish","type":"post","link":"https:\/\/2horizontes.com\/?p=37264","title":{"rendered":"Denuncia grupos empresariales y extranjeros pretenden controlar SCJ"},"content":{"rendered":"<p>RD-SANTO DOMINGO.- Grupos empresariales, de la sociedad civil y de partidos pol\u00edticos pretenden asumir el control de la Suprema Corte de Justicia, \u201cpara que act\u00fae al servicio de sus intereses\u201d, denunci\u00f3 el ex juez Juan Miguel Castillo Pantale\u00f3n.<\/p>\n<p>Advirti\u00f3 que a esos prop\u00f3sitos tambi\u00e9n se han sumado grupos for\u00e1neos y representaciones de legaciones diplom\u00e1ticas.<\/p>\n<p>Dijo que \u201clas pretensiones de esas instancias no se quedan solamente en la Suprema Corte de Justicia y su presidente, Mariano Germ\u00e1n Mej\u00eda, ya que el plan incluye tambi\u00e9n a la Junta Central Electoral y los tribunales Constitucional y Superior Electoral\u201d.<\/p>\n<p>\u201cAh\u00ed se combinan demasiadas cosas. Por eso tu ves que organizaciones de la llamada sociedad civil tambi\u00e9n agitan las aguas, porque en esas turbulencias hay un objetivo, el de perseguir una nueva conformaci\u00f3n de altas cortes\u201d, manifest\u00f3 en el programa D\u2019agenda, donde fue entrevistado por H\u00e9ctor Herrera Cabral.<\/p>\n<div class=\"mom-social-share ss-horizontal border-box\"><\/div>\n<p>&nbsp;<\/p>\n","protected":false},"excerpt":{"rendered":"<p>RD-SANTO DOMINGO.- Grupos empresariales, de la sociedad civil y de partidos pol\u00edticos pretenden asumir el control de la Suprema Corte de Justicia, \u201cpara que act\u00fae al servicio de sus intereses\u201d, denunci\u00f3 el ex juez Juan Miguel Castillo Pantale\u00f3n. Advirti\u00f3 que a esos prop\u00f3sitos tambi\u00e9n se han sumado grupos for\u00e1neos y representaciones de legaciones diplom\u00e1ticas. Dijo [&hellip;]<\/p>\n","protected":false},"author":8,"featured_media":37265,"comment_status":"open","ping_status":"open","sticky":false,"template":"","format":"standard","meta":{"footnotes":""},"categories":[43,44],"tags":[],"class_list":["post-37264","post","type-post","status-publish","format-standard","has-post-thumbnail","hentry","category-politica","category-republica-dominicana"],"_links":{"self":[{"href":"https:\/\/2horizontes.com\/index.php?rest_route=\/wp\/v2\/posts\/37264","targetHints":{"allow":["GET"]}}],"collection":[{"href":"https:\/\/2horizontes.com\/index.php?rest_route=\/wp\/v2\/posts"}],"about":[{"href":"https:\/\/2horizontes.com\/index.php?rest_route=\/wp\/v2\/types\/post"}],"author":[{"embeddable":true,"href":"https:\/\/2horizontes.com\/index.php?rest_route=\/wp\/v2\/users\/8"}],"replies":[{"embeddable":true,"href":"https:\/\/2horizontes.com\/index.php?rest_route=%2Fwp%2Fv2%2Fcomments&post=37264"}],"version-history":[{"count":1,"href":"https:\/\/2horizontes.com\/index.php?rest_route=\/wp\/v2\/posts\/37264\/revisions"}],"predecessor-version":[{"id":37266,"href":"https:\/\/2horizontes.com\/index.php?rest_route=\/wp\/v2\/posts\/37264\/revisions\/37266"}],"wp:featuredmedia":[{"embeddable":true,"href":"https:\/\/2horizontes.com\/index.php?rest_route=\/wp\/v2\/media\/37265"}],"wp:attachment":[{"href":"https:\/\/2horizontes.com\/index.php?rest_route=%2Fwp%2Fv2%2Fmedia&parent=37264"}],"wp:term":[{"taxonomy":"category","embeddable":true,"href":"https:\/\/2horizontes.com\/index.php?rest_route=%2Fwp%2Fv2%2Fcategories&post=37264"},{"taxonomy":"post_tag","embeddable":true,"href":"https:\/\/2horizontes.com\/index.php?rest_route=%2Fwp%2Fv2%2Ftags&post=37264"}],"curies":[{"name":"wp","href":"https:\/\/api.w.org\/{rel}","templated":true}]}}