{"id":37254,"date":"2015-12-27T16:31:46","date_gmt":"2015-12-27T15:31:46","guid":{"rendered":"http:\/\/2horizontes.com\/?p=37254"},"modified":"2015-12-27T16:31:46","modified_gmt":"2015-12-27T15:31:46","slug":"la-amet-realizara-carreteos-manana-en-autopistas-rd","status":"publish","type":"post","link":"https:\/\/2horizontes.com\/?p=37254","title":{"rendered":"La Amet realizar\u00e1 carreteos ma\u00f1ana en autopistas RD"},"content":{"rendered":"<p>La Autoridad Metropolitana de Transporte (Amet) este s\u00e1bado que ma\u00f1ana implementar\u00e1 en las autopistas un plan de prevenci\u00f3n para garantizar el regreso seguro de los miles de ciudadanos que salieron del Gran Santo Domingo a distintos puntos del pa\u00eds con motivo del asueto por la Navidad.<\/p>\n<p>En el operativo participaran m\u00e1s de 500 agentes de la Amet, quienes trabajaran de manera coordinada con personal del Ministerio Obras P\u00fablicas y otros organismos de socorro, en las autopistas Las Am\u00e9ricas, Duarte, 6 de Noviembre, Autov\u00eda del Este y Autopista del Nordeste, entre otras.<\/p>\n<p>Al dar a conocer la informaci\u00f3n, a trav\u00e9s de un parte de prensa, la Amet pidi\u00f3 a los conductores utilizar las v\u00edas con prudencia y no desesperarse en caso de entender que el tr\u00e1nsito va algo lento, puesto que en caso de ser necesario se implementar\u00e1n los denominados carreteos dirigidos por las autoridades.<\/p>\n<p>\u201cNuestro principal objetivo es prevenir accidentes y que los viajeros regresen seguro a sus respectivos hogares, para integrarse al d\u00eda siguiente a sus labores cotidianas\u201d, dijo.<\/p>\n<p>El organismo encargado de regular el tr\u00e1nsito sostuvo que varios oficiales superiores estar\u00e1n encabezando el operativo denominado \u201cRegreso Seguro Navidad 2015\u201d.<\/p>\n<p>La Amet precis\u00f3 que las acciones preventivas se incrementar\u00e1n a partir de las 12:00 del mediod\u00eda del domingo, tras reiterar que en caso de ser necesario ser\u00e1n implementados los carreteos.<\/p>\n<p>&nbsp;<\/p>\n","protected":false},"excerpt":{"rendered":"<p>La Autoridad Metropolitana de Transporte (Amet) este s\u00e1bado que ma\u00f1ana implementar\u00e1 en las autopistas un plan de prevenci\u00f3n para garantizar el regreso seguro de los miles de ciudadanos que salieron del Gran Santo Domingo a distintos puntos del pa\u00eds con motivo del asueto por la Navidad. En el operativo participaran m\u00e1s de 500 agentes de [&hellip;]<\/p>\n","protected":false},"author":8,"featured_media":37255,"comment_status":"open","ping_status":"open","sticky":false,"template":"","format":"standard","meta":{"footnotes":""},"categories":[53,44],"tags":[],"class_list":["post-37254","post","type-post","status-publish","format-standard","has-post-thumbnail","hentry","category-provincias","category-republica-dominicana"],"_links":{"self":[{"href":"https:\/\/2horizontes.com\/index.php?rest_route=\/wp\/v2\/posts\/37254","targetHints":{"allow":["GET"]}}],"collection":[{"href":"https:\/\/2horizontes.com\/index.php?rest_route=\/wp\/v2\/posts"}],"about":[{"href":"https:\/\/2horizontes.com\/index.php?rest_route=\/wp\/v2\/types\/post"}],"author":[{"embeddable":true,"href":"https:\/\/2horizontes.com\/index.php?rest_route=\/wp\/v2\/users\/8"}],"replies":[{"embeddable":true,"href":"https:\/\/2horizontes.com\/index.php?rest_route=%2Fwp%2Fv2%2Fcomments&post=37254"}],"version-history":[{"count":1,"href":"https:\/\/2horizontes.com\/index.php?rest_route=\/wp\/v2\/posts\/37254\/revisions"}],"predecessor-version":[{"id":37256,"href":"https:\/\/2horizontes.com\/index.php?rest_route=\/wp\/v2\/posts\/37254\/revisions\/37256"}],"wp:featuredmedia":[{"embeddable":true,"href":"https:\/\/2horizontes.com\/index.php?rest_route=\/wp\/v2\/media\/37255"}],"wp:attachment":[{"href":"https:\/\/2horizontes.com\/index.php?rest_route=%2Fwp%2Fv2%2Fmedia&parent=37254"}],"wp:term":[{"taxonomy":"category","embeddable":true,"href":"https:\/\/2horizontes.com\/index.php?rest_route=%2Fwp%2Fv2%2Fcategories&post=37254"},{"taxonomy":"post_tag","embeddable":true,"href":"https:\/\/2horizontes.com\/index.php?rest_route=%2Fwp%2Fv2%2Ftags&post=37254"}],"curies":[{"name":"wp","href":"https:\/\/api.w.org\/{rel}","templated":true}]}}