{"id":3724,"date":"2015-03-24T19:42:45","date_gmt":"2015-03-24T19:42:45","guid":{"rendered":"http:\/\/2horizontes.com\/?p=3724"},"modified":"2015-03-24T19:43:59","modified_gmt":"2015-03-24T19:43:59","slug":"el-gobierno-declara-tres-dias-de-luto-oficial-en-espana","status":"publish","type":"post","link":"https:\/\/2horizontes.com\/?p=3724","title":{"rendered":"Tres d\u00edas de luto oficial en Espa\u00f1a por accidente de avi\u00f3n en Barcelona"},"content":{"rendered":"<p>En el vuelo GWI9525 viajaban 150 personas, entre ellas 45 con apellido espa\u00f1ol<br \/>\n<a href=\"http:\/\/2horizontes.com\/wp-content\/uploads\/2015\/03\/kll.jpg\"><img loading=\"lazy\" decoding=\"async\" src=\"http:\/\/2horizontes.com\/wp-content\/uploads\/2015\/03\/kll-300x171.jpg\" alt=\"kll\" width=\"300\" height=\"171\" class=\"alignleft size-medium wp-image-3725\" srcset=\"https:\/\/2horizontes.com\/wp-content\/uploads\/2015\/03\/kll-300x171.jpg 300w, https:\/\/2horizontes.com\/wp-content\/uploads\/2015\/03\/kll-510x291.jpg 510w, https:\/\/2horizontes.com\/wp-content\/uploads\/2015\/03\/kll.jpg 560w\" sizes=\"auto, (max-width: 300px) 100vw, 300px\" \/><\/a><\/p>\n<p>franceses. El vuelo GWI9525 llevaba 144 pasajeros a bordo y seis tripulantes, entre ellos un grupo de 16 escolares alemanes de intercambio en Espa\u00f1a y dos beb\u00e9s. El Gobierno de Espa\u00f1a, que ha puesto en marcha un gabinete de crisis, ha indicado que de los viajeros, 45 ten\u00edan apellido espa\u00f1ol. Hab\u00eda 67 alemanes.<\/p>\n<p>Suspendidas las labores de investigaci\u00f3n hasta ma\u00f1ana por la ma\u00f1ana. El ministro del Interior, Bernard Cazeneuve, ha anunciado la interrupci\u00f3n temporal de la tarea de rescate de cuerpos y restos del fuselaje por falta de luz.<\/p>\n<p>Germanwings y su matriz, el grupo Lufthansa, han enviado expertos en aviaci\u00f3n al lugar del accidente. Los t\u00e9cnicos de la Oficina Federal de Investigaci\u00f3n de Accidentes A\u00e9reos alemana ya han llegado a Francia.<\/p>\n<p>La esposa del jefe de gabinete del l\u00edder de ERC, Oriol Junqueras est\u00e1 entre los pasajeros del avi\u00f3n siniestrado en los Alpes, seg\u00fan fuentes del partido catal\u00e1n.<\/p>\n<p>Un equipo de f\u00fatbol de la tercera divisi\u00f3n sueca, el Dalkurd FF de Borl\u00e4nge, se salv\u00f3 del accidente a\u00e9reo de los Alpes franceses al cambiar de vuelo en el \u00faltimo momento, cuando la plantilla estaba ya en el aeropuerto de Barcelona. Informa Afp.<\/p>\n","protected":false},"excerpt":{"rendered":"<p>En el vuelo GWI9525 viajaban 150 personas, entre ellas 45 con apellido espa\u00f1ol franceses. El vuelo GWI9525 llevaba 144 pasajeros a bordo y seis tripulantes, entre ellos un grupo de 16 escolares alemanes de intercambio en Espa\u00f1a y dos beb\u00e9s. El Gobierno de Espa\u00f1a, que ha puesto en marcha un gabinete de crisis, ha indicado [&hellip;]<\/p>\n","protected":false},"author":1,"featured_media":0,"comment_status":"open","ping_status":"open","sticky":false,"template":"","format":"standard","meta":{"footnotes":""},"categories":[1],"tags":[],"class_list":["post-3724","post","type-post","status-publish","format-standard","hentry","category-entretenimiento"],"_links":{"self":[{"href":"https:\/\/2horizontes.com\/index.php?rest_route=\/wp\/v2\/posts\/3724","targetHints":{"allow":["GET"]}}],"collection":[{"href":"https:\/\/2horizontes.com\/index.php?rest_route=\/wp\/v2\/posts"}],"about":[{"href":"https:\/\/2horizontes.com\/index.php?rest_route=\/wp\/v2\/types\/post"}],"author":[{"embeddable":true,"href":"https:\/\/2horizontes.com\/index.php?rest_route=\/wp\/v2\/users\/1"}],"replies":[{"embeddable":true,"href":"https:\/\/2horizontes.com\/index.php?rest_route=%2Fwp%2Fv2%2Fcomments&post=3724"}],"version-history":[{"count":3,"href":"https:\/\/2horizontes.com\/index.php?rest_route=\/wp\/v2\/posts\/3724\/revisions"}],"predecessor-version":[{"id":3728,"href":"https:\/\/2horizontes.com\/index.php?rest_route=\/wp\/v2\/posts\/3724\/revisions\/3728"}],"wp:attachment":[{"href":"https:\/\/2horizontes.com\/index.php?rest_route=%2Fwp%2Fv2%2Fmedia&parent=3724"}],"wp:term":[{"taxonomy":"category","embeddable":true,"href":"https:\/\/2horizontes.com\/index.php?rest_route=%2Fwp%2Fv2%2Fcategories&post=3724"},{"taxonomy":"post_tag","embeddable":true,"href":"https:\/\/2horizontes.com\/index.php?rest_route=%2Fwp%2Fv2%2Ftags&post=3724"}],"curies":[{"name":"wp","href":"https:\/\/api.w.org\/{rel}","templated":true}]}}