{"id":37238,"date":"2015-12-27T12:27:03","date_gmt":"2015-12-27T11:27:03","guid":{"rendered":"http:\/\/2horizontes.com\/?p=37238"},"modified":"2015-12-27T12:27:03","modified_gmt":"2015-12-27T11:27:03","slug":"muere-una-persona-calcinada-en-una-churreria-movil-en-cartagena","status":"publish","type":"post","link":"https:\/\/2horizontes.com\/?p=37238","title":{"rendered":"Muere una persona calcinada en una churrer\u00eda m\u00f3vil en Cartagena"},"content":{"rendered":"<p>Los servicios de emergencias no han podido salvar a una persona que ha muerto a primera hora de esta ma\u00f1ana en el incendio de una churrer\u00eda m\u00f3vil en Cartagena, ubicada en la calle Ram\u00f3n y Cajal, a la altura del n\u00famero 230.<\/p>\n<p>El Tel\u00e9fono Unico de Emergencias &#8216;1-1-2&#8217; recib\u00eda llamadas informando del fuego, a las 7.40 horas, que indicaban que una churrer\u00eda se hab\u00eda incendiado, hab\u00eda llamas muy altas y que no sab\u00edan si hab\u00eda nadie en su interior.<\/p>\n<p>Al lugar se han movilizado bomberos del Servicio de Extinci\u00f3n de Incendios y Salvamento (SEIS) del Ayuntamiento de Cartagena y patrullas de la Polic\u00eda Local y Nacional, seg\u00fan han informado fuentes del Centro de Coordinaci\u00f3n de Emergencias en un comunicado.<\/p>\n<p>Al extinguir el fuego, los servicios de emergencias hallaron, en el interior del puesto de churros, el cuerpo carbonizado de una persona.<\/p>\n<p>El suceso ha sido informado al Instituto de Seguridad y Salud Laboral de la Regi\u00f3n de Murcia y a las fuerzas de seguridad del Estado.<\/p>\n","protected":false},"excerpt":{"rendered":"<p>Los servicios de emergencias no han podido salvar a una persona que ha muerto a primera hora de esta ma\u00f1ana en el incendio de una churrer\u00eda m\u00f3vil en Cartagena, ubicada en la calle Ram\u00f3n y Cajal, a la altura del n\u00famero 230. El Tel\u00e9fono Unico de Emergencias &#8216;1-1-2&#8217; recib\u00eda llamadas informando del fuego, a las [&hellip;]<\/p>\n","protected":false},"author":3,"featured_media":37239,"comment_status":"open","ping_status":"open","sticky":false,"template":"","format":"standard","meta":{"footnotes":""},"categories":[50],"tags":[],"class_list":["post-37238","post","type-post","status-publish","format-standard","has-post-thumbnail","hentry","category-colombia"],"_links":{"self":[{"href":"https:\/\/2horizontes.com\/index.php?rest_route=\/wp\/v2\/posts\/37238","targetHints":{"allow":["GET"]}}],"collection":[{"href":"https:\/\/2horizontes.com\/index.php?rest_route=\/wp\/v2\/posts"}],"about":[{"href":"https:\/\/2horizontes.com\/index.php?rest_route=\/wp\/v2\/types\/post"}],"author":[{"embeddable":true,"href":"https:\/\/2horizontes.com\/index.php?rest_route=\/wp\/v2\/users\/3"}],"replies":[{"embeddable":true,"href":"https:\/\/2horizontes.com\/index.php?rest_route=%2Fwp%2Fv2%2Fcomments&post=37238"}],"version-history":[{"count":1,"href":"https:\/\/2horizontes.com\/index.php?rest_route=\/wp\/v2\/posts\/37238\/revisions"}],"predecessor-version":[{"id":37240,"href":"https:\/\/2horizontes.com\/index.php?rest_route=\/wp\/v2\/posts\/37238\/revisions\/37240"}],"wp:featuredmedia":[{"embeddable":true,"href":"https:\/\/2horizontes.com\/index.php?rest_route=\/wp\/v2\/media\/37239"}],"wp:attachment":[{"href":"https:\/\/2horizontes.com\/index.php?rest_route=%2Fwp%2Fv2%2Fmedia&parent=37238"}],"wp:term":[{"taxonomy":"category","embeddable":true,"href":"https:\/\/2horizontes.com\/index.php?rest_route=%2Fwp%2Fv2%2Fcategories&post=37238"},{"taxonomy":"post_tag","embeddable":true,"href":"https:\/\/2horizontes.com\/index.php?rest_route=%2Fwp%2Fv2%2Ftags&post=37238"}],"curies":[{"name":"wp","href":"https:\/\/api.w.org\/{rel}","templated":true}]}}