{"id":37235,"date":"2015-12-27T12:22:54","date_gmt":"2015-12-27T11:22:54","guid":{"rendered":"http:\/\/2horizontes.com\/?p=37235"},"modified":"2015-12-27T12:22:54","modified_gmt":"2015-12-27T11:22:54","slug":"larry-hernandez-se-libra-de-la-justicia","status":"publish","type":"post","link":"https:\/\/2horizontes.com\/?p=37235","title":{"rendered":"LARRY HERN\u00c1NDEZ SE LIBRA DE LA JUSTICIA"},"content":{"rendered":"<p>Larry Hern\u00e1ndez pasar\u00e1 los d\u00edas festivos al lado de su familia, sin preocuparse mucho por enfrentar a la justicia, al menos por un mes, luego de que su audiencia fuera aplazada hasta el 29 de enero de 2016, debido a que es necesario que obtengan m\u00e1s pruebas de su inocencia.<\/p>\n<p>De acuerdo a la informaci\u00f3n que han dado a conocer, la defensa de Larry Hern\u00e1ndez tendr\u00e1 que justificar esos presuntos v\u00eddeos en donde se le puede ver amenazando al empresario Jos\u00e9 Andrade.<\/p>\n<p>Todav\u00eda no es claro hacia donde est\u00e1n apuntando las investigaciones, que tambi\u00e9n cuentan con grabaciones de vigilancia en donde se llev\u00f3 a cabo el secuestro, pero es muy posible que a principios del 2016 la prensa reciba m\u00e1s detalles.<\/p>\n","protected":false},"excerpt":{"rendered":"<p>Larry Hern\u00e1ndez pasar\u00e1 los d\u00edas festivos al lado de su familia, sin preocuparse mucho por enfrentar a la justicia, al menos por un mes, luego de que su audiencia fuera aplazada hasta el 29 de enero de 2016, debido a que es necesario que obtengan m\u00e1s pruebas de su inocencia. De acuerdo a la informaci\u00f3n [&hellip;]<\/p>\n","protected":false},"author":3,"featured_media":37236,"comment_status":"open","ping_status":"open","sticky":false,"template":"","format":"standard","meta":{"footnotes":""},"categories":[1,40],"tags":[],"class_list":["post-37235","post","type-post","status-publish","format-standard","has-post-thumbnail","hentry","category-entretenimiento","category-internacionales"],"_links":{"self":[{"href":"https:\/\/2horizontes.com\/index.php?rest_route=\/wp\/v2\/posts\/37235","targetHints":{"allow":["GET"]}}],"collection":[{"href":"https:\/\/2horizontes.com\/index.php?rest_route=\/wp\/v2\/posts"}],"about":[{"href":"https:\/\/2horizontes.com\/index.php?rest_route=\/wp\/v2\/types\/post"}],"author":[{"embeddable":true,"href":"https:\/\/2horizontes.com\/index.php?rest_route=\/wp\/v2\/users\/3"}],"replies":[{"embeddable":true,"href":"https:\/\/2horizontes.com\/index.php?rest_route=%2Fwp%2Fv2%2Fcomments&post=37235"}],"version-history":[{"count":1,"href":"https:\/\/2horizontes.com\/index.php?rest_route=\/wp\/v2\/posts\/37235\/revisions"}],"predecessor-version":[{"id":37237,"href":"https:\/\/2horizontes.com\/index.php?rest_route=\/wp\/v2\/posts\/37235\/revisions\/37237"}],"wp:featuredmedia":[{"embeddable":true,"href":"https:\/\/2horizontes.com\/index.php?rest_route=\/wp\/v2\/media\/37236"}],"wp:attachment":[{"href":"https:\/\/2horizontes.com\/index.php?rest_route=%2Fwp%2Fv2%2Fmedia&parent=37235"}],"wp:term":[{"taxonomy":"category","embeddable":true,"href":"https:\/\/2horizontes.com\/index.php?rest_route=%2Fwp%2Fv2%2Fcategories&post=37235"},{"taxonomy":"post_tag","embeddable":true,"href":"https:\/\/2horizontes.com\/index.php?rest_route=%2Fwp%2Fv2%2Ftags&post=37235"}],"curies":[{"name":"wp","href":"https:\/\/api.w.org\/{rel}","templated":true}]}}