{"id":3721,"date":"2015-03-24T18:59:55","date_gmt":"2015-03-24T18:59:55","guid":{"rendered":"http:\/\/2horizontes.com\/?p=3721"},"modified":"2015-03-24T18:59:55","modified_gmt":"2015-03-24T18:59:55","slug":"varios-dias-de-lluvias-deja-dos-muertos-en-la-provincia-de-castellon-espana","status":"publish","type":"post","link":"https:\/\/2horizontes.com\/?p=3721","title":{"rendered":"Varios d\u00edas de lluvias deja dos muertos en la provincia de Castell\u00f3n Espa\u00f1a"},"content":{"rendered":"<p>Los bomberos rescatan el cad\u00e1ver de un hombre en una rambla de Cabanes y el de una joven que cay\u00f3 al r\u00edo S\u00e9nia en La Pobla de Benifass\u00e0. Los servicios de emergencias efect\u00faan siete nuevos rescates por lluvias entre las provincias de Castell\u00f3n y Valencia<\/p>\n<p><a href=\"http:\/\/2horizontes.com\/wp-content\/uploads\/2015\/03\/ju.jpg\"><img loading=\"lazy\" decoding=\"async\" src=\"http:\/\/2horizontes.com\/wp-content\/uploads\/2015\/03\/ju-300x165.jpg\" alt=\"ju\" width=\"300\" height=\"165\" class=\"alignleft size-medium wp-image-3722\" srcset=\"https:\/\/2horizontes.com\/wp-content\/uploads\/2015\/03\/ju-300x165.jpg 300w, https:\/\/2horizontes.com\/wp-content\/uploads\/2015\/03\/ju-510x280.jpg 510w, https:\/\/2horizontes.com\/wp-content\/uploads\/2015\/03\/ju.jpg 640w\" sizes=\"auto, (max-width: 300px) 100vw, 300px\" \/><\/a><\/p>\n<p>El cad\u00e1ver de un hombre fue rescatado a \u00faltima hora de la noche de este lunes en la poblaci\u00f3n de Cabanes, en la provincia de Castell\u00f3n, despu\u00e9s de que su veh\u00edculo todoterreno se precipitara en una rambla como consecuencia del temporal que azota desde hace d\u00edas la Comunidad Valenciana. Los bomberos del parque de Orpesa acudieron tras recibir una llamada sobre las 21,20 horas en la que se alertaba de un veh\u00edculo hundido en el agua y comprobaron que en el interior hab\u00eda una persona sin vida. El veh\u00edculo volc\u00f3 en un camino rural que une las localidades de Benlloch y Cabanes.<\/p>\n<p>La Guardia Civil tambi\u00e9n ha encontrado el cuerpo sin vida de la joven de 22 a\u00f1os que el lunes cay\u00f3 al r\u00edo S\u00e9nia en La Pobla de Benifass\u00e0 (Castell\u00f3n), tras buscarla sin \u00e9xito durante toda la noche. El cad\u00e1ver ha sido hallado en el cauce del r\u00edo a la altura del municipio de la S\u00e9nia (Tarragona), a seis kil\u00f3metros de donde desapareci\u00f3, despu\u00e9s de que un vecino diera el aviso tras descubrir el cuerpo. La joven era del municipio de Rosell y hab\u00eda salido con su novio a pasear al perro, que se cay\u00f3 al r\u00edo. La chica intent\u00f3 rescatarlo pero fue arrastrada por las aguas.<\/p>\n<p>Las dos muertes son la consecuencia m\u00e1s grave de las fuertes lluvias que han tenido lugar en las comarcas castellonenses de La Plana y zonas de L&#8217;Alcalat\u00e9n, y que han dejado una precipitaci\u00f3n acumulada en poblaciones como Benassal superiores a los 300 litros por metro cuadrado. Las inundaciones han obligado a los bomberos a rescatar a decenas de personas atrapadas en sus casas y coches y realizar numerosos achiques, seg\u00fan fuentes del Centro de Coordinaci\u00f3n de Emergencias.<\/p>\n<p>Para la b\u00fasqueda de la mujer desaparecida se movilizaron tres dotaciones del parque de Els Ports, dos del Baix Maestrat y a la Unidad de Rescate Acu\u00e1tico.<\/p>\n<p>El Consorcio atendi\u00f3 28 emergencias por lluvias y ha continuado rescatando a personas atrapadas durante la jornada del lunes. Se trata de siete actuaciones para liberar a personas atrapadas en sus coches en carreteras o caminos de Cabanes, Burriana, Les Alqueries, L\u2019Alcora y Onda. Destaca otro rescate en la capital de L\u2019Alcalat\u00e9n para rescatar a dos personas atrapadas en sus viviendas.<\/p>\n<p>Estos siete nuevos rescates se suman a otras 14 personas, todas ilesas, que han sido rescatadas desde las 15.00 horas del domingo hasta esta ma\u00f1ana del interior de veh\u00edculos en diversos municipios valencianos y castellonenses.<\/p>\n<p>La persistencia de las lluvias ha provocado nuevas incidencias este lunes y a medida que el temporal se desplazaba hacia el sur. As\u00ed, la Generalitat ha movilizado un helic\u00f3ptero para rescatar a otras tres personas que se han quedado aisladas en sus casas de campo de Puerto de Sagunto, junto a la zona de la desembocadura del r\u00edo Palancia, a consecuencia de la subida del caudal. El Centro de Coordinaci\u00f3n de Emergencia de Generalitat ha recibido el aviso sobre las 16.58 horas y ha movilizado el helic\u00f3ptero para el rescate de las tres personas, que se encuentran bien.<\/p>\n<p>Adem\u00e1s, bomberos del parque Alt Maestrat de Castell\u00f3n tambi\u00e9n se movilizado en la tarde del lunes para rescatar a los dos ocupantes de un turismo con peligro de caer al r\u00edo en Benasal despu\u00e9s de salirse de la v\u00eda. Seg\u00fan fuentes del Consorcio de Bomberos de Castell\u00f3n, los dos ocupantes del turismo fueron trasladados a un centro de salud con s\u00edntomas de hipotermia y el veh\u00edculo fue retirado.<\/p>\n<p>La situaci\u00f3n en Burriana en la noche del lunes era de incertidumbre. El Ayuntamiento y la Generalitat pidieron pedido ayuda a la Cruz Roja para habilitar en el Llar Fallero un albergue para 75 personas. Fuentes municipales explicaron que la actuaci\u00f3n es \u201cpreventiva\u201d ante el riesgo de inundaci\u00f3n en la zona conocida como Sant Gregori. De hecho, se evacu\u00f3 a 23 personas (12 viviendas ya ten\u00edan agua en casa) y que en las pr\u00f3ximas horas se evacuar\u00eda toda la zona. Se trata de una extensi\u00f3n junto al mar con viviendas diseminadas y ocupadas de forma irregular.<\/p>\n<p>Las 75 personas que se alojaron la anoche del lunes en el albergue han empezado a regresar a sus casas durante la ma\u00f1ana de este martes despu\u00e9s de que la situaci\u00f3n en el barrio mejorara tras bajar el nivel del agua.<\/p>\n<p>En Castell\u00f3n, la mayor parte de las actuaciones se concentraron desde las 15.00 horas del domingo y la ma\u00f1ana del lunes. En total, seg\u00fan fuentes municipales, en la capital de La Plana se han registrado 226 litros por metro cuadrado desde el viernes. \u201cLa mitad de lo que suele caer en un a\u00f1o\u201d, han indicado. El Ayuntamiento ha recalcado que no hay datos similares registrados desde 1968. La persistencia de las lluvias provoc\u00f3 inundaciones en varios puntos de la ciudad.<\/p>\n<p>La Agencia Estatal de Meteorolog\u00eda (Aemet) ha informado desde su cuenta de Twitter que los cinco municipios de la provincia m\u00e1s afectados, junto a la capital, han sido Benassal, Vall d\u2019Alba, Xert, Atzeneta y Vila-real, con un acumulado de m\u00e1s de 200 litros. En Benasal, la precipitaci\u00f3n ha sumado 312,2 litros por metro cuadrado. Aemet ha destacado la intensidad \u201cmuy fuerte\u201d de Vila-real, donde lleg\u00f3 a registrarse 43,4 litros en solo una hora.<\/p>\n<p>Por otra parte, en la provincia de Valencia la m\u00e1xima registrada ha sido en Barx donde se ha acumulado 139,4 litros por metro cuadrado, seguida de Bu\u00f1ol, que ha experimentado 151,2 litros por metro cuadrado. En la ciudad, la cantidad acumulada ha sido de 84,7 litros por metro cuadrado mientras que en X\u00e0tiva y Oliva se han registrado 74,4 y 71,8, desde el d\u00eda 18 de marzo, respectivamente. La Generalitat recomienda precauci\u00f3n, por desprendimientos, en las carreteras CV-185, CV-219 y CV-223, en La Plana Baixa, y por la presencia de balsas de agua en la CV-10 en La Plana Alta; CV-124 en Els Ports; CV-164 en Alt Maestrat y CV-25 en Camp de T\u00faria.<\/p>\n<p>La Uni\u00f3 de Llauradors ha hecho balance de las consecuencias y ha cifrado este lunes en m\u00e1s de cuatro millones de euros las p\u00e9rdidas en los cultivos por el pedrisco del pasado s\u00e1bado en la comarca valenciana de La Costera, que afect\u00f3 a m\u00e1s de 2.200 hect\u00e1reas.<\/p>\n<p>Las zonas m\u00e1s afectadas, seg\u00fan han informado, son X\u00e0tiva, L&#8217;Alc\u00fadia de Crespins, Canals, Cerd\u00e1, La Granja, Llanera, Llosa, Novetl\u00e8, Rotgl\u00e0, Torrella y Vall\u00e9s y de forma \u00abmucho m\u00e1s insignificante\u00bb en Vallada, Montesa y Moixent, seg\u00fan ha detallado la organizaci\u00f3n agr\u00edcola en un comunicado.<\/p>\n<p>Los cultivos m\u00e1s da\u00f1ados son los c\u00edtricos, las hortalizas y la fruta. En concreto, los da\u00f1os en las hortalizas afectan a unas 360 hect\u00e1reas de ajos tiernos, lechugas, acelgas y alcachofas, con unas p\u00e9rdidas que oscilar\u00e1n la cantidad de 1,3 millones de euros.<\/p>\n<p>Por contra, en la provincia de Alicante ha sido donde menor cantidad de litros se han acumulado sin llegar a superar los 100 litros por metro cuadrado. La localidad de Alcoi ha sido la que m\u00e1s precipitaciones ha recogido con 55,2 litros por metro cuadrado mientras que Novelda, J\u00e1vea y Pinoso han acumulado 18,8, 15 y 13,2 litros por metro cuadrado respectivamente.<\/p>\n","protected":false},"excerpt":{"rendered":"<p>Los bomberos rescatan el cad\u00e1ver de un hombre en una rambla de Cabanes y el de una joven que cay\u00f3 al r\u00edo S\u00e9nia en La Pobla de Benifass\u00e0. Los servicios de emergencias efect\u00faan siete nuevos rescates por lluvias entre las provincias de Castell\u00f3n y Valencia El cad\u00e1ver de un hombre fue rescatado a \u00faltima hora [&hellip;]<\/p>\n","protected":false},"author":1,"featured_media":0,"comment_status":"open","ping_status":"open","sticky":false,"template":"","format":"standard","meta":{"footnotes":""},"categories":[1],"tags":[],"class_list":["post-3721","post","type-post","status-publish","format-standard","hentry","category-entretenimiento"],"_links":{"self":[{"href":"https:\/\/2horizontes.com\/index.php?rest_route=\/wp\/v2\/posts\/3721","targetHints":{"allow":["GET"]}}],"collection":[{"href":"https:\/\/2horizontes.com\/index.php?rest_route=\/wp\/v2\/posts"}],"about":[{"href":"https:\/\/2horizontes.com\/index.php?rest_route=\/wp\/v2\/types\/post"}],"author":[{"embeddable":true,"href":"https:\/\/2horizontes.com\/index.php?rest_route=\/wp\/v2\/users\/1"}],"replies":[{"embeddable":true,"href":"https:\/\/2horizontes.com\/index.php?rest_route=%2Fwp%2Fv2%2Fcomments&post=3721"}],"version-history":[{"count":1,"href":"https:\/\/2horizontes.com\/index.php?rest_route=\/wp\/v2\/posts\/3721\/revisions"}],"predecessor-version":[{"id":3723,"href":"https:\/\/2horizontes.com\/index.php?rest_route=\/wp\/v2\/posts\/3721\/revisions\/3723"}],"wp:attachment":[{"href":"https:\/\/2horizontes.com\/index.php?rest_route=%2Fwp%2Fv2%2Fmedia&parent=3721"}],"wp:term":[{"taxonomy":"category","embeddable":true,"href":"https:\/\/2horizontes.com\/index.php?rest_route=%2Fwp%2Fv2%2Fcategories&post=3721"},{"taxonomy":"post_tag","embeddable":true,"href":"https:\/\/2horizontes.com\/index.php?rest_route=%2Fwp%2Fv2%2Ftags&post=3721"}],"curies":[{"name":"wp","href":"https:\/\/api.w.org\/{rel}","templated":true}]}}