{"id":3718,"date":"2015-03-24T18:27:41","date_gmt":"2015-03-24T18:27:41","guid":{"rendered":"http:\/\/2horizontes.com\/?p=3718"},"modified":"2015-03-24T18:27:41","modified_gmt":"2015-03-24T18:27:41","slug":"turistas-empresarios-trabajadores-y-estudiantes-entre-los-pasajeros","status":"publish","type":"post","link":"https:\/\/2horizontes.com\/?p=3718","title":{"rendered":"Turistas, empresarios, trabajadores y estudiantes entre los pasajeros"},"content":{"rendered":"<p><a href=\"http:\/\/2horizontes.com\/wp-content\/uploads\/2015\/03\/acc.jpg\"><img loading=\"lazy\" decoding=\"async\" src=\"http:\/\/2horizontes.com\/wp-content\/uploads\/2015\/03\/acc-300x168.jpg\" alt=\"acc\" width=\"300\" height=\"168\" class=\"alignleft size-medium wp-image-3719\" srcset=\"https:\/\/2horizontes.com\/wp-content\/uploads\/2015\/03\/acc-300x168.jpg 300w, https:\/\/2horizontes.com\/wp-content\/uploads\/2015\/03\/acc-510x286.jpg 510w, https:\/\/2horizontes.com\/wp-content\/uploads\/2015\/03\/acc-360x200.jpg 360w, https:\/\/2horizontes.com\/wp-content\/uploads\/2015\/03\/acc.jpg 575w\" sizes=\"auto, (max-width: 300px) 100vw, 300px\" \/><\/a><\/p>\n<p>Los familiares de las v\u00edctimas han comenzado a llegar a mediod\u00eda al aeropuerto de El Prat<\/p>\n<p>El bloque t\u00e9cnico del aeropuerto de El Prat contiguo a la T-2 se ha convertido en el centro de coordinaci\u00f3n del comit\u00e9 de crisis puesto en marcha tras el accidente del avi\u00f3n de Germanwings la ma\u00f1ana de este martes en los Alpes. El comit\u00e9 de crisis est\u00e1 presidido por la delegada del Gobierno espa\u00f1ol, Llanos de Luna; el consejero de Interior de la Generalitat, Ramon Espadaler; y representantes de Aena, Germanwings y su matriz, Lufthansa. Tambi\u00e9n hay representantes de varios cuerpos consulares y la aerol\u00ednea ha puesto a disposici\u00f3n de los familiares espacio en varios hoteles.<\/p>\n<p>En este mismo edificio es donde un equipo de especialistas y psic\u00f3logos est\u00e1 atendiendo a las familias de las v\u00edctimas que llegan al aeropuerto. Por su parte, agentes de la divisi\u00f3n cient\u00edfica de los Mossos d&#8217;Esquadra recoger\u00e1n muestras de ADN de los familiares de las v\u00edctimas para cotejarlas con los cuerpos que los equipos de rescate encuentren en Los Alpes. Entre las autoridades que se han desplazado a El Prat figura tambi\u00e9n el director de la polic\u00eda auton\u00f3mica, Albert Batlle.<\/p>\n<p>Los primeros familiares de los pasajeros que viajaban en el vuelo han comenzado a llegar a mediod\u00eda y han entrado entre abrazos y con l\u00e1grimas en los ojos, escoltados por agentes de los Mossos d&#8217;Esquadra. Entre pasajeros hab\u00eda turistas alemanes que regresaban de vacaciones, representantes de empresas catalanas que viajaban a una feria de Colonia, dos trabajadores de Bayer o un grupo de 16 estudiantes alemanes y dos profesores que volv\u00edan a casa despu\u00e9s de un intercambio con estudiantes del instituto de Llinars del Vall\u00e8s. Los estudiantes catalanes, de 4\u00ba de ESO, estuvieron en Alemania hace unas semanas, han confirmado en el instituto.<\/p>\n<p>En el avi\u00f3n tambi\u00e9n viajaban representantes de varias empresas catalanas o afincadas en Catalu\u00f1a que se desplazaban a una feria del sector alimentario en Colonia. Jordi Campoy, pr\u00f3ximo a dos empleados de la farmac\u00e9utica Bayer que viajaban en el vuelo, ha explicado: \u00abVengo a dar apoyo a un compa\u00f1ero, no s\u00e9 si va a servir de mucho\u00bb, ha manifestado apesadumbrado. Hasta el aeropuerto han llegado tambi\u00e9n cinco furgonetas del SEM con el dispositivo de atenci\u00f3n a los familiares de las v\u00edctimas en casos de accidentes como el del vuelo de D\u00fcsseldorf. Entre el equipo de atenci\u00f3n figuran tambi\u00e9n psic\u00f3logos del Colegio profesional de Barcelona para <\/p>\n<p>Desde la T-2 el presidente de la asociaci\u00f3n espa\u00f1ola de usuarios, empresarios y profesionales del transporte a\u00e9reo, Ignacio Rubio, ha asegurado que el avi\u00f3n accidentado \u00abes moderno y el accidente tiene que ver con un problema a\u00f1adido\u00bb. \u00abSeg\u00fan la informaci\u00f3n de la que dispongo, ha descendido r\u00e1pidamente, lo que apunta a un fallo o despresurizaci\u00f3n del motor. La investigaci\u00f3n lo desvelar\u00e1\u00bb, ha a\u00f1adido.<\/p>\n<p>La mayor\u00eda de los 144 pasajeros que viajaban en el vuelo de Germanwings que se ha estrellado este martes en los Alpes son pasajeros alemanes que regresaban a sus casas tras pasar unos d\u00edas en Barcelona y Palma de Mallorca, seg\u00fan han informado los trabajadores de Swissport, que son la compa\u00f1\u00eda de handling que trabaja para la compa\u00f1\u00eda alemana.<\/p>\n<p>Cualquier familiar que necesite informaci\u00f3n sobre las v\u00edctimas del accidente puede llamar al tel\u00e9fono 012. Ah\u00ed se centralizar\u00e1 toda la informaci\u00f3n y se derivar\u00e1n las llamadas al 112. La compa\u00f1\u00eda Germanwings tambi\u00e9n ha habilitado un tel\u00e9fono gratuito para los familiares. Es el 900 808 890<\/p>\n<p>Recomendar en Facebook78Twittear68Enviar a LinkedIn0<\/p>\n","protected":false},"excerpt":{"rendered":"<p>Los familiares de las v\u00edctimas han comenzado a llegar a mediod\u00eda al aeropuerto de El Prat El bloque t\u00e9cnico del aeropuerto de El Prat contiguo a la T-2 se ha convertido en el centro de coordinaci\u00f3n del comit\u00e9 de crisis puesto en marcha tras el accidente del avi\u00f3n de Germanwings la ma\u00f1ana de este martes [&hellip;]<\/p>\n","protected":false},"author":1,"featured_media":0,"comment_status":"open","ping_status":"open","sticky":false,"template":"","format":"standard","meta":{"footnotes":""},"categories":[1],"tags":[],"class_list":["post-3718","post","type-post","status-publish","format-standard","hentry","category-entretenimiento"],"_links":{"self":[{"href":"https:\/\/2horizontes.com\/index.php?rest_route=\/wp\/v2\/posts\/3718","targetHints":{"allow":["GET"]}}],"collection":[{"href":"https:\/\/2horizontes.com\/index.php?rest_route=\/wp\/v2\/posts"}],"about":[{"href":"https:\/\/2horizontes.com\/index.php?rest_route=\/wp\/v2\/types\/post"}],"author":[{"embeddable":true,"href":"https:\/\/2horizontes.com\/index.php?rest_route=\/wp\/v2\/users\/1"}],"replies":[{"embeddable":true,"href":"https:\/\/2horizontes.com\/index.php?rest_route=%2Fwp%2Fv2%2Fcomments&post=3718"}],"version-history":[{"count":1,"href":"https:\/\/2horizontes.com\/index.php?rest_route=\/wp\/v2\/posts\/3718\/revisions"}],"predecessor-version":[{"id":3720,"href":"https:\/\/2horizontes.com\/index.php?rest_route=\/wp\/v2\/posts\/3718\/revisions\/3720"}],"wp:attachment":[{"href":"https:\/\/2horizontes.com\/index.php?rest_route=%2Fwp%2Fv2%2Fmedia&parent=3718"}],"wp:term":[{"taxonomy":"category","embeddable":true,"href":"https:\/\/2horizontes.com\/index.php?rest_route=%2Fwp%2Fv2%2Fcategories&post=3718"},{"taxonomy":"post_tag","embeddable":true,"href":"https:\/\/2horizontes.com\/index.php?rest_route=%2Fwp%2Fv2%2Ftags&post=3718"}],"curies":[{"name":"wp","href":"https:\/\/api.w.org\/{rel}","templated":true}]}}