{"id":3715,"date":"2015-03-24T18:20:54","date_gmt":"2015-03-24T18:20:54","guid":{"rendered":"http:\/\/2horizontes.com\/?p=3715"},"modified":"2015-03-24T18:20:54","modified_gmt":"2015-03-24T18:20:54","slug":"se-estrella-en-francia-un-avion-que-salio-de-barcelona-con-150-viajeros","status":"publish","type":"post","link":"https:\/\/2horizontes.com\/?p=3715","title":{"rendered":"Se estrella en Francia un avi\u00f3n que sali\u00f3 de Barcelona con 150 viajeros"},"content":{"rendered":"<p>El Gobierno asegura que hay 45 personas con apellidos espa\u00f1oles en el vuelo. Recuperada una de las cajas negras<\/p>\n<p><a href=\"http:\/\/2horizontes.com\/wp-content\/uploads\/2015\/03\/av.jpeg\"><img loading=\"lazy\" decoding=\"async\" src=\"http:\/\/2horizontes.com\/wp-content\/uploads\/2015\/03\/av-300x168.jpeg\" alt=\"av\" width=\"300\" height=\"168\" class=\"alignleft size-medium wp-image-3716\" srcset=\"https:\/\/2horizontes.com\/wp-content\/uploads\/2015\/03\/av-300x168.jpeg 300w, https:\/\/2horizontes.com\/wp-content\/uploads\/2015\/03\/av-510x286.jpeg 510w, https:\/\/2horizontes.com\/wp-content\/uploads\/2015\/03\/av-360x200.jpeg 360w, https:\/\/2horizontes.com\/wp-content\/uploads\/2015\/03\/av-750x420.jpeg 750w, https:\/\/2horizontes.com\/wp-content\/uploads\/2015\/03\/av.jpeg 855w\" sizes=\"auto, (max-width: 300px) 100vw, 300px\" \/><\/a><\/p>\n<p>El aparato, un Airbus A320 de la compa\u00f1\u00eda Germanwings, filial de Lufthansa, se ha precipitado en la regi\u00f3n francesa de Barcelonnette. Hab\u00eda salido de El Prat a las 9.55 de la ma\u00f1ana. El presidente franc\u00e9s, Fran\u00e7ois Hollande, ha afirmado que \u00abno se espera que haya supervivientes\u00bb entre los 150 ocupantes del aparato, de los que 45 tienen apellidos espa\u00f1oles. El avi\u00f3n se ha estrellado en una zona monta\u00f1osa de dif\u00edcil acceso. Los Reyes, que se encontraban en Par\u00eds, cancelan su visita de Estado<\/p>\n","protected":false},"excerpt":{"rendered":"<p>El Gobierno asegura que hay 45 personas con apellidos espa\u00f1oles en el vuelo. Recuperada una de las cajas negras El aparato, un Airbus A320 de la compa\u00f1\u00eda Germanwings, filial de Lufthansa, se ha precipitado en la regi\u00f3n francesa de Barcelonnette. Hab\u00eda salido de El Prat a las 9.55 de la ma\u00f1ana. El presidente franc\u00e9s, Fran\u00e7ois [&hellip;]<\/p>\n","protected":false},"author":1,"featured_media":0,"comment_status":"open","ping_status":"open","sticky":false,"template":"","format":"standard","meta":{"footnotes":""},"categories":[1],"tags":[],"class_list":["post-3715","post","type-post","status-publish","format-standard","hentry","category-entretenimiento"],"_links":{"self":[{"href":"https:\/\/2horizontes.com\/index.php?rest_route=\/wp\/v2\/posts\/3715","targetHints":{"allow":["GET"]}}],"collection":[{"href":"https:\/\/2horizontes.com\/index.php?rest_route=\/wp\/v2\/posts"}],"about":[{"href":"https:\/\/2horizontes.com\/index.php?rest_route=\/wp\/v2\/types\/post"}],"author":[{"embeddable":true,"href":"https:\/\/2horizontes.com\/index.php?rest_route=\/wp\/v2\/users\/1"}],"replies":[{"embeddable":true,"href":"https:\/\/2horizontes.com\/index.php?rest_route=%2Fwp%2Fv2%2Fcomments&post=3715"}],"version-history":[{"count":1,"href":"https:\/\/2horizontes.com\/index.php?rest_route=\/wp\/v2\/posts\/3715\/revisions"}],"predecessor-version":[{"id":3717,"href":"https:\/\/2horizontes.com\/index.php?rest_route=\/wp\/v2\/posts\/3715\/revisions\/3717"}],"wp:attachment":[{"href":"https:\/\/2horizontes.com\/index.php?rest_route=%2Fwp%2Fv2%2Fmedia&parent=3715"}],"wp:term":[{"taxonomy":"category","embeddable":true,"href":"https:\/\/2horizontes.com\/index.php?rest_route=%2Fwp%2Fv2%2Fcategories&post=3715"},{"taxonomy":"post_tag","embeddable":true,"href":"https:\/\/2horizontes.com\/index.php?rest_route=%2Fwp%2Fv2%2Ftags&post=3715"}],"curies":[{"name":"wp","href":"https:\/\/api.w.org\/{rel}","templated":true}]}}