{"id":37136,"date":"2015-12-25T16:26:21","date_gmt":"2015-12-25T15:26:21","guid":{"rendered":"http:\/\/2horizontes.com\/?p=37136"},"modified":"2015-12-25T16:26:21","modified_gmt":"2015-12-25T15:26:21","slug":"susana-diaz-asegura-que-podemos-quiere-romper-espana-y-eliminar-al-psoe","status":"publish","type":"post","link":"https:\/\/2horizontes.com\/?p=37136","title":{"rendered":"Susana D\u00edaz asegura que Podemos quiere \u00abromper\u00bb Espa\u00f1a y \u00abeliminar\u00bb al PSOE"},"content":{"rendered":"<p>La presidenta de la Junta de Andaluc\u00eda, Susana D\u00edaz, ha asegurado este viernes que Podemos quiere \u00abromper\u00bb la unidad de Espa\u00f1a y \u00abeliminar\u00bb al PSOE, por lo que pedir\u00e1 en el Comit\u00e9 Federal del pr\u00f3ximo lunes que su partido \u00abno se siente a negociar\u00bb con la formaci\u00f3n que lidera Pablo Iglesias.<\/p>\n<p>En una entrevista con la Cadena Ser, la dirigente socialista ha insistido en la idea de que la responsabilidad de formar gobierno la tiene el PP, aunque ha advertido: \u00abNosotros no podemos apoyar a Rajoy y al PP, porque han provocado mucho sufrimiento, y nuestro sitio est\u00e1 en la oposici\u00f3n, donde nos han colocado los ciudadanos\u00bb.<\/p>\n<p>La secretaria general de los socialistas andaluces ha sostenido, en referencia a Podemos, que el PSOE \u00abno puede hablar con quienes est\u00e1n planteado la ruptura\u00bb de Espa\u00f1a y ha recriminado a Pablo Iglesias que haya puesto como \u00abl\u00ednea roja\u00bb para negociar el \u00absoberanismo, el derecho a decidir y la autodeterminaci\u00f3n\u00bb de Catalu\u00f1a, en lugar del bienestar de la gente, la sanidad o la educaci\u00f3n.<\/p>\n<p>\u00abPablo Iglesias ha puesto en cuesti\u00f3n lo que para nosotros es intocable, que es la unidad de Espa\u00f1a. Y lo ha hecho porque el 40 % de los esca\u00f1os que tiene son soberanistas. Ha preferido eso por ara\u00f1ar un pu\u00f1ado de votos, por entregarse a esos partidos, en lugar de hacer lo que hace la izquierda, que es defender la igualdad de oportunidades por delante de cualquier cosa\u00bb, ha criticado.<\/p>\n<p>Ante este posicionamiento, Susana D\u00edaz ha esgrimido que con la unidad de Espa\u00f1a \u00abno se juega\u00bb y que su partido no puede negociar un acuerdo con Podemos con esas condiciones, ya que defiende \u00ablo que rompe nuestra historia y en lo que cree el PSOE\u00bb.<\/p>\n<p>\u00abComo ocurri\u00f3 en Andaluc\u00eda, est\u00e1n poniendo condiciones imposibles para no llegar a acuerdos con los socialistas, que somos sus adversarios, con quien quieren competir, a quien quieren ganar, a quien quieren eliminar\u00bb, ha aseverado.<\/p>\n<p>En la entrevista, tal como adelant\u00f3 ayer la Ser, D\u00edaz se\u00f1ala que el Comit\u00e9 Federal del PSOE es el \u00f3rgano \u00abque decide\u00bb sobre la pol\u00edtica de pactos y asegura que en la reuni\u00f3n del lunes defender\u00e1 que su partido no negocie con nadie que plantee la \u00abruptura de la unidad, una l\u00ednea roja que no se puede superar\u00bb.<\/p>\n<p>Preguntada por la intenci\u00f3n de S\u00e1nchez de presentarse a la reelecci\u00f3n como secretario general en el pr\u00f3ximo congreso, D\u00edaz ha respondido: \u00abNo entro en esas cuestiones. Pienso en lo que necesita el pa\u00eds y en su estabilidad, y respeto la decisi\u00f3n que cada compa\u00f1ero tenga en el seno\u00bb del partido.<\/p>\n<p>Convencida de que Pablo Iglesias \u00abni ama ni quiere a Espa\u00f1a, ni le preocupa\u00bb que Mariano Rajoy sea el presidente del Gobierno, la jefa del Ejecutivo andaluz ha afirmado que la voluntad de todos debe ser que \u00abno se repitan\u00bb las elecciones.<\/p>\n<p>\u00abLos ciudadanos han dicho que quieren pluralidad y eso requiere di\u00e1logo y acuerdo, pero no con premisas que pongan en cuesti\u00f3n la unidad de Espa\u00f1a\u00bb, ha recalcado.<\/p>\n","protected":false},"excerpt":{"rendered":"<p>La presidenta de la Junta de Andaluc\u00eda, Susana D\u00edaz, ha asegurado este viernes que Podemos quiere \u00abromper\u00bb la unidad de Espa\u00f1a y \u00abeliminar\u00bb al PSOE, por lo que pedir\u00e1 en el Comit\u00e9 Federal del pr\u00f3ximo lunes que su partido \u00abno se siente a negociar\u00bb con la formaci\u00f3n que lidera Pablo Iglesias. En una entrevista con [&hellip;]<\/p>\n","protected":false},"author":3,"featured_media":37137,"comment_status":"open","ping_status":"open","sticky":false,"template":"","format":"standard","meta":{"footnotes":""},"categories":[85,43],"tags":[],"class_list":["post-37136","post","type-post","status-publish","format-standard","has-post-thumbnail","hentry","category-espana","category-politica"],"_links":{"self":[{"href":"https:\/\/2horizontes.com\/index.php?rest_route=\/wp\/v2\/posts\/37136","targetHints":{"allow":["GET"]}}],"collection":[{"href":"https:\/\/2horizontes.com\/index.php?rest_route=\/wp\/v2\/posts"}],"about":[{"href":"https:\/\/2horizontes.com\/index.php?rest_route=\/wp\/v2\/types\/post"}],"author":[{"embeddable":true,"href":"https:\/\/2horizontes.com\/index.php?rest_route=\/wp\/v2\/users\/3"}],"replies":[{"embeddable":true,"href":"https:\/\/2horizontes.com\/index.php?rest_route=%2Fwp%2Fv2%2Fcomments&post=37136"}],"version-history":[{"count":1,"href":"https:\/\/2horizontes.com\/index.php?rest_route=\/wp\/v2\/posts\/37136\/revisions"}],"predecessor-version":[{"id":37138,"href":"https:\/\/2horizontes.com\/index.php?rest_route=\/wp\/v2\/posts\/37136\/revisions\/37138"}],"wp:featuredmedia":[{"embeddable":true,"href":"https:\/\/2horizontes.com\/index.php?rest_route=\/wp\/v2\/media\/37137"}],"wp:attachment":[{"href":"https:\/\/2horizontes.com\/index.php?rest_route=%2Fwp%2Fv2%2Fmedia&parent=37136"}],"wp:term":[{"taxonomy":"category","embeddable":true,"href":"https:\/\/2horizontes.com\/index.php?rest_route=%2Fwp%2Fv2%2Fcategories&post=37136"},{"taxonomy":"post_tag","embeddable":true,"href":"https:\/\/2horizontes.com\/index.php?rest_route=%2Fwp%2Fv2%2Ftags&post=37136"}],"curies":[{"name":"wp","href":"https:\/\/api.w.org\/{rel}","templated":true}]}}