{"id":37132,"date":"2015-12-24T16:20:13","date_gmt":"2015-12-24T15:20:13","guid":{"rendered":"http:\/\/2horizontes.com\/?p=37132"},"modified":"2015-12-24T16:20:13","modified_gmt":"2015-12-24T15:20:13","slug":"lanzan-al-aire-las-cajas-navidenas-durante-reparto-en-dajabon-rd","status":"publish","type":"post","link":"https:\/\/2horizontes.com\/?p=37132","title":{"rendered":"Lanzan al aire las cajas navide\u00f1as durante reparto en Dajab\u00f3n RD"},"content":{"rendered":"<p>RD-DAJABON-Rep\u00fablica Dominicana.- Otro desorden se vivi\u00f3 este mi\u00e9rcoles en este municipio, donde cientos de cajas fueron lanzadas por los aires por parte del personal que las distribu\u00eda desde camiones del Plan Social de la Presidencia, donde al menos tres mujeres resultaron lesionadas.<\/p>\n<p>Seg\u00fan nota publicada por El Caribe, quienes distribu\u00edan las cajas se presentaban en diferentes lugares, seguidos por una multitud, a quienes, debido al desorden, lanzaban las cajas conteniendo los productos navide\u00f1os. Luego se marchaban del lugar, pero eran perseguidos por la muchedumbre.<\/p>\n<p>\u201cVarias personas resultaron lesionadas por las ca\u00eddas y empujones, durante el segundo d\u00eda de des\u00f3rdenes provocados durante los repartos\u201d, indica la publicaci\u00f3n.<\/p>\n<p>El pasado fin de semana el chofer de un furg\u00f3n del Plan Social de la Presidencia, se vio obligado a marcharse de Dajab\u00f3n sin concluir el reparto, en<\/p>\n","protected":false},"excerpt":{"rendered":"<p>RD-DAJABON-Rep\u00fablica Dominicana.- Otro desorden se vivi\u00f3 este mi\u00e9rcoles en este municipio, donde cientos de cajas fueron lanzadas por los aires por parte del personal que las distribu\u00eda desde camiones del Plan Social de la Presidencia, donde al menos tres mujeres resultaron lesionadas. Seg\u00fan nota publicada por El Caribe, quienes distribu\u00edan las cajas se presentaban en [&hellip;]<\/p>\n","protected":false},"author":8,"featured_media":37133,"comment_status":"open","ping_status":"open","sticky":false,"template":"","format":"standard","meta":{"footnotes":""},"categories":[63,53,44],"tags":[],"class_list":["post-37132","post","type-post","status-publish","format-standard","has-post-thumbnail","hentry","category-economia","category-provincias","category-republica-dominicana"],"_links":{"self":[{"href":"https:\/\/2horizontes.com\/index.php?rest_route=\/wp\/v2\/posts\/37132","targetHints":{"allow":["GET"]}}],"collection":[{"href":"https:\/\/2horizontes.com\/index.php?rest_route=\/wp\/v2\/posts"}],"about":[{"href":"https:\/\/2horizontes.com\/index.php?rest_route=\/wp\/v2\/types\/post"}],"author":[{"embeddable":true,"href":"https:\/\/2horizontes.com\/index.php?rest_route=\/wp\/v2\/users\/8"}],"replies":[{"embeddable":true,"href":"https:\/\/2horizontes.com\/index.php?rest_route=%2Fwp%2Fv2%2Fcomments&post=37132"}],"version-history":[{"count":1,"href":"https:\/\/2horizontes.com\/index.php?rest_route=\/wp\/v2\/posts\/37132\/revisions"}],"predecessor-version":[{"id":37134,"href":"https:\/\/2horizontes.com\/index.php?rest_route=\/wp\/v2\/posts\/37132\/revisions\/37134"}],"wp:featuredmedia":[{"embeddable":true,"href":"https:\/\/2horizontes.com\/index.php?rest_route=\/wp\/v2\/media\/37133"}],"wp:attachment":[{"href":"https:\/\/2horizontes.com\/index.php?rest_route=%2Fwp%2Fv2%2Fmedia&parent=37132"}],"wp:term":[{"taxonomy":"category","embeddable":true,"href":"https:\/\/2horizontes.com\/index.php?rest_route=%2Fwp%2Fv2%2Fcategories&post=37132"},{"taxonomy":"post_tag","embeddable":true,"href":"https:\/\/2horizontes.com\/index.php?rest_route=%2Fwp%2Fv2%2Ftags&post=37132"}],"curies":[{"name":"wp","href":"https:\/\/api.w.org\/{rel}","templated":true}]}}