{"id":37127,"date":"2015-12-24T16:02:31","date_gmt":"2015-12-24T15:02:31","guid":{"rendered":"http:\/\/2horizontes.com\/?p=37127"},"modified":"2015-12-24T16:02:31","modified_gmt":"2015-12-24T15:02:31","slug":"crisis-estado-islamico-decapito-a-10-de-sus-terroristas-por-huir-en-una-batalla","status":"publish","type":"post","link":"https:\/\/2horizontes.com\/?p=37127","title":{"rendered":"Crisis Estado Isl\u00e1mico: decapit\u00f3 a 10 de sus terroristas por huir en una batalla"},"content":{"rendered":"<p><strong>Siria<\/strong><\/p>\n<p>El Estado Isl\u00e1mico (ISIS), que hasta hace poco tiempo parec\u00eda todopoderoso e indestructible, est\u00e1 en franco retroceso. D\u00edas atr\u00e1s se conoci\u00f3 que ya perdi\u00f3 el 14% de su territorio en Siria e Irak. Ahora sali\u00f3 a la luz que <b>el grupo decapit\u00f3 a 10 de sus propios terroristas luego de que abandonaran sus puestos de guerra sin permiso<\/b> en choques ante las milicias kurdas<i>peshmerga<\/i>.<\/p>\n<div><\/div>\n<div>\n<div>Los yihadistas arrestaron y <b>condenaron a sus propios combatientes por \u00abalta traici\u00f3n\u00bb y los ejecutaron en una plaza p\u00fablica<\/b> en el norte de la ciudad iraqu\u00ed de Mosul, seg\u00fan la agencia de noticias <i>ARA News<\/i>.<\/div>\n<div><\/div>\n<div>\u00abSe declar\u00f3 a los militantes culpables de escapar de un puesto en el frente de batalla, donde los enfrentamientos tuvieron lugar entre ellos y las fuerzas kurdas <i>peshmerga<\/i>\u00ab, asegur\u00f3 a <i>ARA News<\/i> el activista Abdullah al Mallah.<\/div>\n<div><\/div>\n<div>\n<div id=\"2142894-Grande-2096719207_wrap\" class=\"embed_cont type_imagen\">\n<div id=\"2142894-Grande-2096719207_content\" class=\"embed_content\"><img decoding=\"async\" id=\"2142894-Grande-2096719207_embed\" src=\"http:\/\/cdn01.am.infobae.com\/adjuntos\/163\/imagenes\/013\/988\/0013988535.jpg?0000-00-00-00-00-00\" alt=\"\" \/><\/div>\n<div id=\"2142894-Grande-2096719207_epigrafe\" class=\"embed_epigrafe\">El Tribunal de Sharia de Mosul decidi\u00f3 decapitarlos delante de cientos de miembros de ISIS<\/div>\n<div id=\"2142894-Grande-2096719207_copyright\" class=\"embed_copyright\"><\/div>\n<\/div>\n<\/div>\n<\/div>\n<div>\n<div><b>\u00abEl Tribunal de Sharia de Mosul decidi\u00f3 decapitarlos delante de cientos de miembros deISIS<\/b> con el fin de evitar que otros tomen esa medida sin el permiso de su c\u00fapula militar\u00bb, agreg\u00f3.<\/div>\n<div><\/div>\n<div>\n<div>Una fuente del distrito de Baaj, donde se realizaron las ejecuciones, agreg\u00f3 que <b>seis de los militantes eran sirios y el resto eran yihadistas occidentales<\/b>.<\/div>\n<div><\/div>\n<div>\n<div>No es la primera vez que la organizaci\u00f3n terrorista ejecuta p\u00fablicamente a sus propios combatientes para advertir a propios y extra\u00f1os que deben obedecer sus \u00f3rdenes.<\/div>\n<div><\/div>\n<div>El mes pasado, 73 yihadistas fueron asesinados por escapar de las batallas con las fuerzas kurdas <i>peshmerga <\/i>en la regi\u00f3n de Sinjar, en el norte de Irak.<\/div>\n<\/div>\n<\/div>\n<\/div>\n<div>\n<h3 id=\"titleCMSysaff77av116ecdi\" class=\"tdCmsTitle1\">Menos territorio<\/h3>\n<\/div>\n<div><\/div>\n<div>\n<div>El Estado Isl\u00e1mico perdi\u00f3 cerca del 14% del territorio que controla en Irak y Siria durante este a\u00f1o, seg\u00fan revel\u00f3 e<i>l think tank<\/i> IHS Jane. Asimismo, <b>las fuerzas kurdas en Siria triplicaron su poder\u00edo terrestre<\/b>.<\/div>\n<div><\/div>\n<div>Esto sin dudas representa un duro golpe para el grupo yihadista, cuyo objetivo es capturar y retener territorio para expandir su califato.<\/div>\n<div><\/div>\n<div>Las principales p\u00e9rdidas de ISIS se concentran en la importante ciudad estrat\u00e9gica de Tal Abyad en la frontera de Siria con Turqu\u00eda, en la ciudad iraqu\u00ed de Tikrit y en la refiner\u00eda de Baiji.<\/div>\n<div><\/div>\n<\/div>\n<div>F. Infobae<\/div>\n","protected":false},"excerpt":{"rendered":"<p>Siria El Estado Isl\u00e1mico (ISIS), que hasta hace poco tiempo parec\u00eda todopoderoso e indestructible, est\u00e1 en franco retroceso. D\u00edas atr\u00e1s se conoci\u00f3 que ya perdi\u00f3 el 14% de su territorio en Siria e Irak. Ahora sali\u00f3 a la luz que el grupo decapit\u00f3 a 10 de sus propios terroristas luego de que abandonaran sus puestos [&hellip;]<\/p>\n","protected":false},"author":7,"featured_media":37128,"comment_status":"open","ping_status":"open","sticky":false,"template":"","format":"standard","meta":{"footnotes":""},"categories":[40],"tags":[],"class_list":["post-37127","post","type-post","status-publish","format-standard","has-post-thumbnail","hentry","category-internacionales"],"_links":{"self":[{"href":"https:\/\/2horizontes.com\/index.php?rest_route=\/wp\/v2\/posts\/37127","targetHints":{"allow":["GET"]}}],"collection":[{"href":"https:\/\/2horizontes.com\/index.php?rest_route=\/wp\/v2\/posts"}],"about":[{"href":"https:\/\/2horizontes.com\/index.php?rest_route=\/wp\/v2\/types\/post"}],"author":[{"embeddable":true,"href":"https:\/\/2horizontes.com\/index.php?rest_route=\/wp\/v2\/users\/7"}],"replies":[{"embeddable":true,"href":"https:\/\/2horizontes.com\/index.php?rest_route=%2Fwp%2Fv2%2Fcomments&post=37127"}],"version-history":[{"count":1,"href":"https:\/\/2horizontes.com\/index.php?rest_route=\/wp\/v2\/posts\/37127\/revisions"}],"predecessor-version":[{"id":37129,"href":"https:\/\/2horizontes.com\/index.php?rest_route=\/wp\/v2\/posts\/37127\/revisions\/37129"}],"wp:featuredmedia":[{"embeddable":true,"href":"https:\/\/2horizontes.com\/index.php?rest_route=\/wp\/v2\/media\/37128"}],"wp:attachment":[{"href":"https:\/\/2horizontes.com\/index.php?rest_route=%2Fwp%2Fv2%2Fmedia&parent=37127"}],"wp:term":[{"taxonomy":"category","embeddable":true,"href":"https:\/\/2horizontes.com\/index.php?rest_route=%2Fwp%2Fv2%2Fcategories&post=37127"},{"taxonomy":"post_tag","embeddable":true,"href":"https:\/\/2horizontes.com\/index.php?rest_route=%2Fwp%2Fv2%2Ftags&post=37127"}],"curies":[{"name":"wp","href":"https:\/\/api.w.org\/{rel}","templated":true}]}}