{"id":37111,"date":"2015-12-24T15:44:52","date_gmt":"2015-12-24T14:44:52","guid":{"rendered":"http:\/\/2horizontes.com\/?p=37111"},"modified":"2015-12-24T15:44:52","modified_gmt":"2015-12-24T14:44:52","slug":"el-presidente-se-dirigira-hoy-al-pais-rd","status":"publish","type":"post","link":"https:\/\/2horizontes.com\/?p=37111","title":{"rendered":"El Presidente se dirigir\u00e1 hoy al pa\u00eds RD"},"content":{"rendered":"<p>RD- SANTO DOMINGO-El presidente Danilo Medina ofreci\u00f3 ayer un almuerzo a los periodistas, camar\u00f3grafos y fot\u00f3grafos que cubren la fuente del Palacio Nacional, donde el jefe de Estado comparti\u00f3 de manera abierta con los comunicadores, abordando fuera de r\u00e9cord temas de inter\u00e9s nacional e internacional.<\/p>\n<p>A su llegada al Sal\u00f3n Verde el presidente Medina salud\u00f3 a cada uno de los representantes de los medios de comunicaci\u00f3n con quienes, adem\u00e1s, se hizo fotograf\u00edas de manera individual que quedar\u00e1n para el recuerdo de ese momento.<\/p>\n<p>El almuerzo se celebr\u00f3 en el Sal\u00f3n Verde, ubicado en la segunda planta del Palacio Nacional, donde el Portavoz de la Presidencia, Roberto Rodr\u00edguez Marchena anunci\u00f3 que este jueves el presidente Medina dirigir\u00e1 un mensaje al pueblo dominicano con motivo de la celebraci\u00f3n de la navidad.<\/p>\n<p>Dentro del marco del encuentro, Medina intercambi\u00f3 con los representantes de los medios de comunicaci\u00f3n escritos, televisivos, radiales y digitales a quienes dese\u00f3 sus parabienes en estas festividades. El gobernante reconoci\u00f3 el trabajo de los periodistas que d\u00eda a d\u00eda van a la casa de Gobierno en busca de las informaciones.<\/p>\n<p>En conversaci\u00f3n amena e informal, con los periodistas que lo acompa\u00f1aron en la mesa, el jefe de Estado abord\u00f3 temas relativos a su popularidad, la campa\u00f1a electoral, las visitas sorpresa, electricidad; as\u00ed como el tema de la soluc i\u00f3n al espacio dejado por el asesinado alcalde de Santo Domingo Este, Juan de los Santos, entre otros.<\/p>\n<p>Al pronunciar las palabras de bienvenida, Rodr\u00edguez Marchena resalt\u00f3 la laboriosidad de los comunicadores que han llevado al conocimiento de la poblaci\u00f3n el intenso trabajo que realiza el presidente Medina para construir una obra.<\/p>\n<p>\u201cEstamos terminando el a\u00f1o exactamente como comenzamos, trabajando mucho y a toda m\u00e1quina\u201d, dijo Rodr\u00edguez Marchena.<\/p>\n<p>Cit\u00f3 entre los logros tangibles obtenido por el presidente Medina este a\u00f1o la inauguraci\u00f3n de 28 estancias infantiles; 594,602 egresados de Quisqueya Aprende Contigo; 40 Visitas Sorpresa; 12,700 aulas entregadas; 1 mill\u00f3n 600 mil estudiantes recibiendo alimentaci\u00f3n escolar diariamente; 100,976 ni\u00f1as y ni\u00f1os fueron incorporados a SENASA, entre otros.<\/p>\n","protected":false},"excerpt":{"rendered":"<p>RD- SANTO DOMINGO-El presidente Danilo Medina ofreci\u00f3 ayer un almuerzo a los periodistas, camar\u00f3grafos y fot\u00f3grafos que cubren la fuente del Palacio Nacional, donde el jefe de Estado comparti\u00f3 de manera abierta con los comunicadores, abordando fuera de r\u00e9cord temas de inter\u00e9s nacional e internacional. A su llegada al Sal\u00f3n Verde el presidente Medina salud\u00f3 [&hellip;]<\/p>\n","protected":false},"author":8,"featured_media":35743,"comment_status":"open","ping_status":"open","sticky":false,"template":"","format":"standard","meta":{"footnotes":""},"categories":[43,44],"tags":[],"class_list":["post-37111","post","type-post","status-publish","format-standard","has-post-thumbnail","hentry","category-politica","category-republica-dominicana"],"_links":{"self":[{"href":"https:\/\/2horizontes.com\/index.php?rest_route=\/wp\/v2\/posts\/37111","targetHints":{"allow":["GET"]}}],"collection":[{"href":"https:\/\/2horizontes.com\/index.php?rest_route=\/wp\/v2\/posts"}],"about":[{"href":"https:\/\/2horizontes.com\/index.php?rest_route=\/wp\/v2\/types\/post"}],"author":[{"embeddable":true,"href":"https:\/\/2horizontes.com\/index.php?rest_route=\/wp\/v2\/users\/8"}],"replies":[{"embeddable":true,"href":"https:\/\/2horizontes.com\/index.php?rest_route=%2Fwp%2Fv2%2Fcomments&post=37111"}],"version-history":[{"count":1,"href":"https:\/\/2horizontes.com\/index.php?rest_route=\/wp\/v2\/posts\/37111\/revisions"}],"predecessor-version":[{"id":37115,"href":"https:\/\/2horizontes.com\/index.php?rest_route=\/wp\/v2\/posts\/37111\/revisions\/37115"}],"wp:featuredmedia":[{"embeddable":true,"href":"https:\/\/2horizontes.com\/index.php?rest_route=\/wp\/v2\/media\/35743"}],"wp:attachment":[{"href":"https:\/\/2horizontes.com\/index.php?rest_route=%2Fwp%2Fv2%2Fmedia&parent=37111"}],"wp:term":[{"taxonomy":"category","embeddable":true,"href":"https:\/\/2horizontes.com\/index.php?rest_route=%2Fwp%2Fv2%2Fcategories&post=37111"},{"taxonomy":"post_tag","embeddable":true,"href":"https:\/\/2horizontes.com\/index.php?rest_route=%2Fwp%2Fv2%2Ftags&post=37111"}],"curies":[{"name":"wp","href":"https:\/\/api.w.org\/{rel}","templated":true}]}}