{"id":37018,"date":"2015-12-23T15:22:03","date_gmt":"2015-12-23T14:22:03","guid":{"rendered":"http:\/\/2horizontes.com\/?p=37018"},"modified":"2015-12-23T15:22:03","modified_gmt":"2015-12-23T14:22:03","slug":"se-suicido-el-terrorista-que-decapito-a-su-jefe-en-una-fabrica-francesa","status":"publish","type":"post","link":"https:\/\/2horizontes.com\/?p=37018","title":{"rendered":"Se suicid\u00f3 el terrorista que decapit\u00f3 a su jefe en una f\u00e1brica francesa"},"content":{"rendered":"<p><strong>Francia<\/strong><\/p>\n<p>El ch\u00f3fer que en junio <b>decapit\u00f3 a su jefe e intent\u00f3 volar la planta de gas donde trabajaba<\/b>, cerca de Lyon, en el este de Francia, se suicid\u00f3 el martes en la noche en la celda donde estaba confinado en aislamiento en una prisi\u00f3n a las afueras de Par\u00eds.<\/p>\n<p>Una fuente de seguridad inform\u00f3 que <b>Salhi se colg\u00f3 de los barrotes con sus s\u00e1banas <\/b>y muri\u00f3 cerca de las 21:15 hora local (20:15 GMT). Agreg\u00f3 que el detenido no hab\u00eda sido catalogado como un preso con riesgo de quitarse la vida.<\/p>\n<p>Salhi, de 35 a\u00f1os, <b>estaba detenido desde junio <\/b>despu\u00e9s de que decapit\u00f3 a su empleador, colg\u00f3 su cabeza en una reja, rodeada de banderas con inscripciones relativas al islam.<\/p>\n<p><b>El hombre confes\u00f3 el crimen<\/b>, pero neg\u00f3 que \u00e9ste tuviera una connotaci\u00f3n religiosa y dijo que se deb\u00eda a diferencias profesionales. Sin embargo, la fiscal\u00eda afirm\u00f3 que tras decapitar a su empleador, Salhi envi\u00f3 una foto de la cabeza a un franc\u00e9s ubicado en Siria para pedirle que el grupo yihadista Estado Isl\u00e1mico (ISIS, por sus siglas en ingl\u00e9s) la difundiera.<\/p>\n<div id=\"2020841-Grande-1429601409_wrap\" class=\"embed_cont type_imagen\">\n<div id=\"2020841-Grande-1429601409_content\" class=\"embed_content\"><img decoding=\"async\" id=\"2020841-Grande-1429601409_embed\" src=\"http:\/\/cdn01.am.infobae.com\/adjuntos\/163\/imagenes\/012\/898\/0012898571.jpg?0000-00-00-00-00-00\" alt=\"\" \/><\/div>\n<div id=\"2020841-Grande-1429601409_epigrafe\" class=\"embed_epigrafe\"><\/div>\n<div id=\"2020841-Grande-1429601409_copyright\" class=\"embed_copyright\">AFP<\/div>\n<\/div>\n<p>El acto terrorista, que llam\u00f3 la atenci\u00f3n sobre la seguridad de las plantas industriales en el pa\u00eds galo, se produjo despu\u00e9s de los ataques que golpearon en enero <b>a la revista <i>Charlie Hebdo<\/i> <\/b>y a<b>un supermercado jud\u00edo <\/b>en Par\u00eds.<\/p>\n<p>El pasado 13 de noviembre, otra serie de atentados, que fueron reivindicados por el ISIS, volvi\u00f3 a golpear a la capital francesa y dej\u00f3 m\u00e1s de 130 muertos.<\/p>\n<div id=\"2020590-Grande-1935543911_wrap\" class=\"embed_cont type_imagen\">\n<div id=\"2020590-Grande-1935543911_content\" class=\"embed_content\"><img decoding=\"async\" id=\"2020590-Grande-1935543911_embed\" src=\"http:\/\/cdn01.am.infobae.com\/adjuntos\/163\/imagenes\/012\/896\/0012896157.jpg?0000-00-00-00-00-00\" alt=\"\" \/><\/div>\n<div id=\"2020590-Grande-1935543911_copyright\" class=\"embed_copyright\">AFP<\/div>\n<\/div>\n<div class=\"embed_copyright\">F. Infobae.<\/div>\n<p>&nbsp;<\/p>\n","protected":false},"excerpt":{"rendered":"<p>Francia El ch\u00f3fer que en junio decapit\u00f3 a su jefe e intent\u00f3 volar la planta de gas donde trabajaba, cerca de Lyon, en el este de Francia, se suicid\u00f3 el martes en la noche en la celda donde estaba confinado en aislamiento en una prisi\u00f3n a las afueras de Par\u00eds. Una fuente de seguridad inform\u00f3 [&hellip;]<\/p>\n","protected":false},"author":7,"featured_media":37020,"comment_status":"open","ping_status":"open","sticky":false,"template":"","format":"standard","meta":{"footnotes":""},"categories":[86,40],"tags":[],"class_list":["post-37018","post","type-post","status-publish","format-standard","has-post-thumbnail","hentry","category-europa","category-internacionales"],"_links":{"self":[{"href":"https:\/\/2horizontes.com\/index.php?rest_route=\/wp\/v2\/posts\/37018","targetHints":{"allow":["GET"]}}],"collection":[{"href":"https:\/\/2horizontes.com\/index.php?rest_route=\/wp\/v2\/posts"}],"about":[{"href":"https:\/\/2horizontes.com\/index.php?rest_route=\/wp\/v2\/types\/post"}],"author":[{"embeddable":true,"href":"https:\/\/2horizontes.com\/index.php?rest_route=\/wp\/v2\/users\/7"}],"replies":[{"embeddable":true,"href":"https:\/\/2horizontes.com\/index.php?rest_route=%2Fwp%2Fv2%2Fcomments&post=37018"}],"version-history":[{"count":1,"href":"https:\/\/2horizontes.com\/index.php?rest_route=\/wp\/v2\/posts\/37018\/revisions"}],"predecessor-version":[{"id":37021,"href":"https:\/\/2horizontes.com\/index.php?rest_route=\/wp\/v2\/posts\/37018\/revisions\/37021"}],"wp:featuredmedia":[{"embeddable":true,"href":"https:\/\/2horizontes.com\/index.php?rest_route=\/wp\/v2\/media\/37020"}],"wp:attachment":[{"href":"https:\/\/2horizontes.com\/index.php?rest_route=%2Fwp%2Fv2%2Fmedia&parent=37018"}],"wp:term":[{"taxonomy":"category","embeddable":true,"href":"https:\/\/2horizontes.com\/index.php?rest_route=%2Fwp%2Fv2%2Fcategories&post=37018"},{"taxonomy":"post_tag","embeddable":true,"href":"https:\/\/2horizontes.com\/index.php?rest_route=%2Fwp%2Fv2%2Ftags&post=37018"}],"curies":[{"name":"wp","href":"https:\/\/api.w.org\/{rel}","templated":true}]}}