{"id":3699,"date":"2015-03-24T00:08:33","date_gmt":"2015-03-24T00:08:33","guid":{"rendered":"http:\/\/2horizontes.com\/?p=3699"},"modified":"2015-03-24T00:08:33","modified_gmt":"2015-03-24T00:08:33","slug":"imputada-por-acoso-la-corporacion-del-pp-en-aranjuez","status":"publish","type":"post","link":"https:\/\/2horizontes.com\/?p=3699","title":{"rendered":"Imputada por acoso la corporaci\u00f3n del PP en Aranjuez"},"content":{"rendered":"<p><a href=\"http:\/\/2horizontes.com\/wp-content\/uploads\/2015\/03\/nnnn.jpg\"><img loading=\"lazy\" decoding=\"async\" src=\"http:\/\/2horizontes.com\/wp-content\/uploads\/2015\/03\/nnnn-300x170.jpg\" alt=\"nnnn\" width=\"300\" height=\"170\" class=\"alignleft size-medium wp-image-3700\" srcset=\"https:\/\/2horizontes.com\/wp-content\/uploads\/2015\/03\/nnnn-300x170.jpg 300w, https:\/\/2horizontes.com\/wp-content\/uploads\/2015\/03\/nnnn-510x290.jpg 510w, https:\/\/2horizontes.com\/wp-content\/uploads\/2015\/03\/nnnn.jpg 560w\" sizes=\"auto, (max-width: 300px) 100vw, 300px\" \/><\/a><\/p>\n<p>Mar\u00eda Jos\u00e9 Mart\u00ednez de la Fuente, alcaldesa de Aranjuez (Partido Popular), nueve de sus concejales \u2014son 13\u2014 y dos funcionarios municipales han sido imputados por un juzgado de esa localidad de 57.000 habitantes. Un abogado de urbanismo del Ayuntamiento les acusa en una querella criminal de falsedad, prevaricaci\u00f3n, acoso moral, lesiones y amenazas no condicionales. La querella no detalla la pena que pide para los acusados, pero este tipo de prevaricaci\u00f3n est\u00e1 castigado con hasta siete a\u00f1os de inhabilitaci\u00f3n para cargos p\u00fablicos.<\/p>\n<p>La \u00faltima corporaci\u00f3n, al llegar al poder esta legislatura, abri\u00f3 un expediente disciplinario al letrado y le suspendi\u00f3 de sus funciones durante un a\u00f1o. La justicia, tras un juicio contencioso-administrativo, ya dictamin\u00f3 en 2013 como injusto ese castigo y oblig\u00f3 al Ayuntamiento a indemnizar al abogado con 70.000 euros por acoso laboral y anul\u00f3 su suspensi\u00f3n. Ahora el funcionario ha denunciado por la v\u00eda penal, uno a uno, a todos los supuestos acosadores.<\/p>\n<p>El litigio tiene su origen en la pasada legislatura, cuando el PP estaba en la oposici\u00f3n y gobernaban los socialistas. Como abogado del Ayuntamiento, el funcionario elabor\u00f3 en 2009, junto a dos compa\u00f1eros, un informe favorable a un nuevo aparcamiento que se constru\u00eda en el casco hist\u00f3rico de Aranjuez. Luego la Comunidad, que hab\u00eda presentado un requerimiento de paralizaci\u00f3n de las obras, ech\u00f3 para atr\u00e1s el garaje porque no se ajustaba al plan urban\u00edstico (tiene plazas de aparcamiento para no residentes). El parking, que cost\u00f3 tres millones de euros (parte de ellos fondos estatales), fue clausurada a cal y canto, y as\u00ed sigue.<\/p>\n<p>El equipo culpa al abogado municipal por un informa a favor de un parking<br \/>\nLa querella dice que el PP vot\u00f3 a favor del aparcamiento \u2014de hecho, la idea original es de 2002, con Gobierno municipal del PP\u2014 y sostiene que cambi\u00f3 de opini\u00f3n cuando los vecinos comenzaron a manifestarse en contra. Fuentes del PP, por contra, aseguran que se opusieron \u00abporque iba en contra de los intereses delos comerciantes y los vecinos\u00bb.<\/p>\n<p>La hoy regidora culp\u00f3 al letrado, al considerar que el informe de este fue determinante para que continuasen las obras y se perdiesen los tres millones de euros. Seg\u00fan el relato del querellante, \u201chubo un trato grosero y despectivo\u201d hacia \u00e9l. En 2010 \u2014a\u00fan con los socialistas\u2014 Alonso, que era trabajador temporal, se present\u00f3 al concurso para obtener la plaza fija y la hoy regidora \u2014que era entonces portavoz del PP\u2014 denunci\u00f3 con acta notarial y ante los medios de comunicaci\u00f3n que el autor del informe se presentara a las oposiciones, seg\u00fan la querella. El letrado sac\u00f3, no obstante, la plaza y le puso una demanda de conciliaci\u00f3n, que fue desestimada.<\/p>\n<p>El Consistorio, por contra, asegura que la alcaldesa, entonces portavoz del Grupo Municipal Popular en la oposici\u00f3n, \u00abno realiz\u00f3 manifestaci\u00f3n p\u00fablica alguna sobre dicho proceso hasta una vez concluido el mismo\u00bb.<\/p>\n<p>Al llegar al poder, Mart\u00ednez abri\u00f3 al letrado y a otro compa\u00f1ero de este un expediente disciplinario  que fue impugnado y ganado en los tribunales en diciembre de 2013. En la primera sentencia, la magistrada observa no solo que el informe del parking era correcto, sino que quien inco\u00f3 el expediente disciplinario, la concejal Mabel Pantoja, era la misma persona que en el concurso de la plaza afirm\u00f3 que se hab\u00edan dejado de lado \u201clos principios constitucionales de m\u00e9rito y capacidad\u201d. Es decir, que estaba implicada de lleno en el caso.<\/p>\n<p>La justicia ya conden\u00f3 en 2013 al Ayuntamiento por hostigamiento<br \/>\nEl querellante asegura que, siendo el jefe, se le ocultaron dos sentencias sobre el aparcamiento que no se recurrieron por ese motivo, tampoco le firmaron un \u201crecib\u00ed\u201d \u2014tuvo que hacerlo por registro\u2014 y le reclamaron que devolviese los libros de derecho urban\u00edstico que solo \u00e9l usaba.<\/p>\n<p>Durante dos a\u00f1os el trabajador estuvo de baja por \u201cuna enfermedad relacionada con el trato degradante\u201d \u2014seg\u00fan la querella\u2014 y desde que se reincorpor\u00f3 al puesto ha denunciado otros actos de este tipo. La indemnizaci\u00f3n de 70.00 euros, tras el recurso, se redujo a 25.000 euros.<\/p>\n<p>En rueda de prensa, la alcaldesa, que acaba de denunciar al antiguo equipo de Gobierno socialista por malversaci\u00f3n, abord\u00f3 el asunto del expediente disciplinario y el rechazo del Ayuntamiento a recurrir el cierre del aparcamiento: \u201cLas actuaciones municipales se basaron en la plena convicci\u00f3n de que se ajustaban estrictamente a la ley, con sometimiento al derecho, y en el marco de la defensa de los intereses generales de los ribere\u00f1os\u201d.<\/p>\n<p>La regidora record\u00f3 que el funcionario \u201cya se dirigi\u00f3 a los Juzgados, tambi\u00e9n en precampa\u00f1a electoral, para demandar a quienes entonces est\u00e1bamos en la oposici\u00f3n municipal, demanda que procedi\u00f3 a retirar tras la celebraci\u00f3n de las elecciones de 2011\u201d. \u00c9l alega que no quiso enturbiar m\u00e1s el ambiente siendo Mart\u00ednez su superiora.<\/p>\n","protected":false},"excerpt":{"rendered":"<p>Mar\u00eda Jos\u00e9 Mart\u00ednez de la Fuente, alcaldesa de Aranjuez (Partido Popular), nueve de sus concejales \u2014son 13\u2014 y dos funcionarios municipales han sido imputados por un juzgado de esa localidad de 57.000 habitantes. Un abogado de urbanismo del Ayuntamiento les acusa en una querella criminal de falsedad, prevaricaci\u00f3n, acoso moral, lesiones y amenazas no condicionales. [&hellip;]<\/p>\n","protected":false},"author":1,"featured_media":0,"comment_status":"open","ping_status":"open","sticky":false,"template":"","format":"standard","meta":{"footnotes":""},"categories":[1],"tags":[],"class_list":["post-3699","post","type-post","status-publish","format-standard","hentry","category-entretenimiento"],"_links":{"self":[{"href":"https:\/\/2horizontes.com\/index.php?rest_route=\/wp\/v2\/posts\/3699","targetHints":{"allow":["GET"]}}],"collection":[{"href":"https:\/\/2horizontes.com\/index.php?rest_route=\/wp\/v2\/posts"}],"about":[{"href":"https:\/\/2horizontes.com\/index.php?rest_route=\/wp\/v2\/types\/post"}],"author":[{"embeddable":true,"href":"https:\/\/2horizontes.com\/index.php?rest_route=\/wp\/v2\/users\/1"}],"replies":[{"embeddable":true,"href":"https:\/\/2horizontes.com\/index.php?rest_route=%2Fwp%2Fv2%2Fcomments&post=3699"}],"version-history":[{"count":1,"href":"https:\/\/2horizontes.com\/index.php?rest_route=\/wp\/v2\/posts\/3699\/revisions"}],"predecessor-version":[{"id":3701,"href":"https:\/\/2horizontes.com\/index.php?rest_route=\/wp\/v2\/posts\/3699\/revisions\/3701"}],"wp:attachment":[{"href":"https:\/\/2horizontes.com\/index.php?rest_route=%2Fwp%2Fv2%2Fmedia&parent=3699"}],"wp:term":[{"taxonomy":"category","embeddable":true,"href":"https:\/\/2horizontes.com\/index.php?rest_route=%2Fwp%2Fv2%2Fcategories&post=3699"},{"taxonomy":"post_tag","embeddable":true,"href":"https:\/\/2horizontes.com\/index.php?rest_route=%2Fwp%2Fv2%2Ftags&post=3699"}],"curies":[{"name":"wp","href":"https:\/\/api.w.org\/{rel}","templated":true}]}}