{"id":36966,"date":"2015-12-23T10:09:24","date_gmt":"2015-12-23T09:09:24","guid":{"rendered":"http:\/\/2horizontes.com\/?p=36966"},"modified":"2015-12-23T10:09:24","modified_gmt":"2015-12-23T09:09:24","slug":"el-hombre-que-decapito-a-su-jefe-en-francia-se-ha-suicidado-en-prision","status":"publish","type":"post","link":"https:\/\/2horizontes.com\/?p=36966","title":{"rendered":"El hombre que decapit\u00f3 a su jefe en Francia se ha suicidado en prisi\u00f3n"},"content":{"rendered":"<p>El autor confeso de un atentado el pasado junio en Francia, Yasin Salhi, que decapit\u00f3 a su jefe antes de tratar de hacer saltar por los a\u00edres una planta qu\u00edmica de Saint-Quentin-Fallavier, a pocos kil\u00f3metros de Lyon, se suicid\u00f3 anoche en prisi\u00f3n.<\/p>\n<p>Marcel Duredon, responsable del sindicato penitenciario FO en la c\u00e1rcel en la que este se encontraba, la de Fleury-M\u00e9rogis, indic\u00f3 en la cadena BFM TV que el preso se colg\u00f3 de la ventana de su celda.<\/p>\n<p>Una semana antes, seg\u00fan sus declaraciones, \u00abhubo ciertos elementos en su actitud que llamaron la atenci\u00f3n de los vigilantes\u00bb.<\/p>\n<p>INCRIPCIONES MUSULMANAS<\/p>\n<p>Arrestado cuando trataba de abrir bombonas de acetona para provocar una gran explosi\u00f3n, Salhi, empleado de una empresa de paqueter\u00eda, de 35 a\u00f1os y padre de cuatro hijos, coloc\u00f3 el d\u00eda de los ataques banderolas con inscripciones musulmanas junto a la cabeza de la v\u00edctima.<\/p>\n<p>Los servicios secretos franceses ya le hab\u00edan vigilado entre 2006 y 2008 por sus v\u00ednculos con medios radicales, que volvieron a detectar de forma puntual entre 2011 y 2014. Su atentado, la primera decapitaci\u00f3n registrada en Francia, provoc\u00f3 numerosas cr\u00edticas a la acci\u00f3n del Ejecutivo socialista, a quien se le reproch\u00f3 entonces no haber tomado mayores medidas de seguridad.<\/p>\n<p>Un diputado del partido conservador Los Republicanos en la regi\u00f3n del R\u00f3dano, Georges Fenech, subray\u00f3 tras conocerse el suicidio la necesidad de hacer \u00abun esfuerzo considerable en materia de vigilancia\u00bb, lo que en su opini\u00f3n requiere un mayor n\u00famero de personal y plazas de prisi\u00f3n.<\/p>\n","protected":false},"excerpt":{"rendered":"<p>El autor confeso de un atentado el pasado junio en Francia, Yasin Salhi, que decapit\u00f3 a su jefe antes de tratar de hacer saltar por los a\u00edres una planta qu\u00edmica de Saint-Quentin-Fallavier, a pocos kil\u00f3metros de Lyon, se suicid\u00f3 anoche en prisi\u00f3n. Marcel Duredon, responsable del sindicato penitenciario FO en la c\u00e1rcel en la que [&hellip;]<\/p>\n","protected":false},"author":3,"featured_media":36967,"comment_status":"open","ping_status":"open","sticky":false,"template":"","format":"standard","meta":{"footnotes":""},"categories":[86,40],"tags":[],"class_list":["post-36966","post","type-post","status-publish","format-standard","has-post-thumbnail","hentry","category-europa","category-internacionales"],"_links":{"self":[{"href":"https:\/\/2horizontes.com\/index.php?rest_route=\/wp\/v2\/posts\/36966","targetHints":{"allow":["GET"]}}],"collection":[{"href":"https:\/\/2horizontes.com\/index.php?rest_route=\/wp\/v2\/posts"}],"about":[{"href":"https:\/\/2horizontes.com\/index.php?rest_route=\/wp\/v2\/types\/post"}],"author":[{"embeddable":true,"href":"https:\/\/2horizontes.com\/index.php?rest_route=\/wp\/v2\/users\/3"}],"replies":[{"embeddable":true,"href":"https:\/\/2horizontes.com\/index.php?rest_route=%2Fwp%2Fv2%2Fcomments&post=36966"}],"version-history":[{"count":1,"href":"https:\/\/2horizontes.com\/index.php?rest_route=\/wp\/v2\/posts\/36966\/revisions"}],"predecessor-version":[{"id":36968,"href":"https:\/\/2horizontes.com\/index.php?rest_route=\/wp\/v2\/posts\/36966\/revisions\/36968"}],"wp:featuredmedia":[{"embeddable":true,"href":"https:\/\/2horizontes.com\/index.php?rest_route=\/wp\/v2\/media\/36967"}],"wp:attachment":[{"href":"https:\/\/2horizontes.com\/index.php?rest_route=%2Fwp%2Fv2%2Fmedia&parent=36966"}],"wp:term":[{"taxonomy":"category","embeddable":true,"href":"https:\/\/2horizontes.com\/index.php?rest_route=%2Fwp%2Fv2%2Fcategories&post=36966"},{"taxonomy":"post_tag","embeddable":true,"href":"https:\/\/2horizontes.com\/index.php?rest_route=%2Fwp%2Fv2%2Ftags&post=36966"}],"curies":[{"name":"wp","href":"https:\/\/api.w.org\/{rel}","templated":true}]}}