{"id":36963,"date":"2015-12-22T20:12:39","date_gmt":"2015-12-22T19:12:39","guid":{"rendered":"http:\/\/2horizontes.com\/?p=36963"},"modified":"2015-12-22T20:13:36","modified_gmt":"2015-12-22T19:13:36","slug":"los-pacientes-con-migrana-tienen-danos-en-la-sustancia-gris-del-cerebro","status":"publish","type":"post","link":"https:\/\/2horizontes.com\/?p=36963","title":{"rendered":"Los pacientes con migra\u00f1a tienen da\u00f1os en la sustancia gris del cerebro"},"content":{"rendered":"<p>El Hospital Universitario Dexeus de Barcelona y el Departamento de Ingenier\u00eda Biom\u00e9dica del Hospital Quir\u00f3nsalud Valencia llevan a cabo una investigaci\u00f3n que ha revelado que existen da\u00f1os en la sustancia gris del cerebro de los pacientes con migra\u00f1a.<\/p>\n<p>Seg\u00fan ha informado en nota de prensa el especialista de la Unidad de Ingenier\u00eda Biom\u00e9dica del centro de Valencia, Roberto Sanz, estos resultados indican que \u00abcuantos m\u00e1s a\u00f1os de evoluci\u00f3n de la enfermedad en el sujeto, mayores son los da\u00f1os\u00bb.<\/p>\n<p>El objetivo de esta investigaci\u00f3n es estudiar el sustrato anat\u00f3mico cerebral de pacientes con migra\u00f1a y compararlo con sujetos sanos y concretar qu\u00e9 alteraciones son espec\u00edficas de la migra\u00f1a.<\/p>\n<p>En los \u00faltimos a\u00f1os se han descrito algunas anomal\u00edas en el cerebro que se han atribuido a la migra\u00f1a pero que \u00abaparecen tambi\u00e9n en otras condiciones y enfermedades\u00bb, ha explicado el especialista de la misma unidad del hospital de Valencia, el doctor Graci\u00e1n Garc\u00eda.<\/p>\n<p>La migra\u00f1a es una enfermedad cr\u00f3nica que afecta al 12% de los espa\u00f1oles y es m\u00e1s frecuente en mujeres, con una proporci\u00f3n de tres a uno. El proyecto ha sido galardonado con la beca de la Sociedad Espa\u00f1ola de Neurolog\u00eda 2014-2015 y ha sido liderado por el doctor Belv\u00eds, del Hospital Universitario Dexeus, en colaboraci\u00f3n con el Departamento de I+D+i de Quir\u00f3nsalud.<\/p>\n","protected":false},"excerpt":{"rendered":"<p>El Hospital Universitario Dexeus de Barcelona y el Departamento de Ingenier\u00eda Biom\u00e9dica del Hospital Quir\u00f3nsalud Valencia llevan a cabo una investigaci\u00f3n que ha revelado que existen da\u00f1os en la sustancia gris del cerebro de los pacientes con migra\u00f1a. Seg\u00fan ha informado en nota de prensa el especialista de la Unidad de Ingenier\u00eda Biom\u00e9dica del centro [&hellip;]<\/p>\n","protected":false},"author":3,"featured_media":36964,"comment_status":"open","ping_status":"open","sticky":false,"template":"","format":"standard","meta":{"footnotes":""},"categories":[85,40,45],"tags":[],"class_list":["post-36963","post","type-post","status-publish","format-standard","has-post-thumbnail","hentry","category-espana","category-internacionales","category-salud"],"_links":{"self":[{"href":"https:\/\/2horizontes.com\/index.php?rest_route=\/wp\/v2\/posts\/36963","targetHints":{"allow":["GET"]}}],"collection":[{"href":"https:\/\/2horizontes.com\/index.php?rest_route=\/wp\/v2\/posts"}],"about":[{"href":"https:\/\/2horizontes.com\/index.php?rest_route=\/wp\/v2\/types\/post"}],"author":[{"embeddable":true,"href":"https:\/\/2horizontes.com\/index.php?rest_route=\/wp\/v2\/users\/3"}],"replies":[{"embeddable":true,"href":"https:\/\/2horizontes.com\/index.php?rest_route=%2Fwp%2Fv2%2Fcomments&post=36963"}],"version-history":[{"count":1,"href":"https:\/\/2horizontes.com\/index.php?rest_route=\/wp\/v2\/posts\/36963\/revisions"}],"predecessor-version":[{"id":36965,"href":"https:\/\/2horizontes.com\/index.php?rest_route=\/wp\/v2\/posts\/36963\/revisions\/36965"}],"wp:featuredmedia":[{"embeddable":true,"href":"https:\/\/2horizontes.com\/index.php?rest_route=\/wp\/v2\/media\/36964"}],"wp:attachment":[{"href":"https:\/\/2horizontes.com\/index.php?rest_route=%2Fwp%2Fv2%2Fmedia&parent=36963"}],"wp:term":[{"taxonomy":"category","embeddable":true,"href":"https:\/\/2horizontes.com\/index.php?rest_route=%2Fwp%2Fv2%2Fcategories&post=36963"},{"taxonomy":"post_tag","embeddable":true,"href":"https:\/\/2horizontes.com\/index.php?rest_route=%2Fwp%2Fv2%2Ftags&post=36963"}],"curies":[{"name":"wp","href":"https:\/\/api.w.org\/{rel}","templated":true}]}}