{"id":3696,"date":"2015-03-23T22:03:19","date_gmt":"2015-03-23T22:03:19","guid":{"rendered":"http:\/\/2horizontes.com\/?p=3696"},"modified":"2015-03-23T22:03:19","modified_gmt":"2015-03-23T22:03:19","slug":"cuatro-hombres-violaron-cinco-ninos-en-un-campo-de-santiago","status":"publish","type":"post","link":"https:\/\/2horizontes.com\/?p=3696","title":{"rendered":"Cuatro hombres violaron  Cinco ni\u00f1os en  un campo de Santiago"},"content":{"rendered":"<p><a href=\"http:\/\/2horizontes.com\/wp-content\/uploads\/2015\/03\/117.jpg\"><img loading=\"lazy\" decoding=\"async\" src=\"http:\/\/2horizontes.com\/wp-content\/uploads\/2015\/03\/117-300x168.jpg\" alt=\"117\" width=\"300\" height=\"168\" class=\"alignleft size-medium wp-image-3697\" srcset=\"https:\/\/2horizontes.com\/wp-content\/uploads\/2015\/03\/117-300x168.jpg 300w, https:\/\/2horizontes.com\/wp-content\/uploads\/2015\/03\/117-360x200.jpg 360w, https:\/\/2horizontes.com\/wp-content\/uploads\/2015\/03\/117.jpg 450w\" sizes=\"auto, (max-width: 300px) 100vw, 300px\" \/><\/a><\/p>\n<p>SEG\u00daN EL INFORME, LA ACCI\u00d3N FUE COMETIDA POR CUATRO HOMBRES, DOS DE LOS CUALES YA FUERON APRESADOS<\/p>\n<p>Santiago<br \/>\nCinco ni\u00f1os con edades entre los ocho y trece a\u00f1os fueron violados en la comunidad San Ignacio de Loyola en Sabana Iglesia, hecho que ha alarmado a los residentes en esa zona.<\/p>\n<p>Dos de los menores fueron examinados en el Instituto Nacional de ciencias Forenses (INACIF) y dieron positivo en la agresi\u00f3n sexual en su contra, mientras que la magistrada Glasdiney N\u00fa\u00f1ez confirm\u00f3 la violaci\u00f3n contra otros tres.<\/p>\n<p>Seg\u00fan el informe, la acci\u00f3n fue cometida por cuatro hombres, dos de los cuales ya fueron apresados por las autoridades policiales, mientras que los dem\u00e1s est\u00e1n siendo perseguidos.<\/p>\n<p>Esta tarde le fue conocida medidas de coerci\u00f3n contra uno de los imputados en la acci\u00f3n delictiva y el segundo fue declarado con problemas mentales. <\/p>\n<p>En otras comunidades de esta provincia se han denunciado \u00faltimamente agresiones sexuales contra menores, situaci\u00f3n que preocupa a la sociedad.<\/p>\n","protected":false},"excerpt":{"rendered":"<p>SEG\u00daN EL INFORME, LA ACCI\u00d3N FUE COMETIDA POR CUATRO HOMBRES, DOS DE LOS CUALES YA FUERON APRESADOS Santiago Cinco ni\u00f1os con edades entre los ocho y trece a\u00f1os fueron violados en la comunidad San Ignacio de Loyola en Sabana Iglesia, hecho que ha alarmado a los residentes en esa zona. Dos de los menores fueron [&hellip;]<\/p>\n","protected":false},"author":1,"featured_media":0,"comment_status":"open","ping_status":"open","sticky":false,"template":"","format":"standard","meta":{"footnotes":""},"categories":[1],"tags":[],"class_list":["post-3696","post","type-post","status-publish","format-standard","hentry","category-entretenimiento"],"_links":{"self":[{"href":"https:\/\/2horizontes.com\/index.php?rest_route=\/wp\/v2\/posts\/3696","targetHints":{"allow":["GET"]}}],"collection":[{"href":"https:\/\/2horizontes.com\/index.php?rest_route=\/wp\/v2\/posts"}],"about":[{"href":"https:\/\/2horizontes.com\/index.php?rest_route=\/wp\/v2\/types\/post"}],"author":[{"embeddable":true,"href":"https:\/\/2horizontes.com\/index.php?rest_route=\/wp\/v2\/users\/1"}],"replies":[{"embeddable":true,"href":"https:\/\/2horizontes.com\/index.php?rest_route=%2Fwp%2Fv2%2Fcomments&post=3696"}],"version-history":[{"count":1,"href":"https:\/\/2horizontes.com\/index.php?rest_route=\/wp\/v2\/posts\/3696\/revisions"}],"predecessor-version":[{"id":3698,"href":"https:\/\/2horizontes.com\/index.php?rest_route=\/wp\/v2\/posts\/3696\/revisions\/3698"}],"wp:attachment":[{"href":"https:\/\/2horizontes.com\/index.php?rest_route=%2Fwp%2Fv2%2Fmedia&parent=3696"}],"wp:term":[{"taxonomy":"category","embeddable":true,"href":"https:\/\/2horizontes.com\/index.php?rest_route=%2Fwp%2Fv2%2Fcategories&post=3696"},{"taxonomy":"post_tag","embeddable":true,"href":"https:\/\/2horizontes.com\/index.php?rest_route=%2Fwp%2Fv2%2Ftags&post=3696"}],"curies":[{"name":"wp","href":"https:\/\/api.w.org\/{rel}","templated":true}]}}