{"id":36803,"date":"2015-12-20T17:59:19","date_gmt":"2015-12-20T16:59:19","guid":{"rendered":"http:\/\/2horizontes.com\/?p=36803"},"modified":"2015-12-20T18:01:01","modified_gmt":"2015-12-20T17:01:01","slug":"elecciones-en-espana-la-participacion-del-3702-a-las-1400-es-la-quinta-mas-baja-de-la-historia","status":"publish","type":"post","link":"https:\/\/2horizontes.com\/?p=36803","title":{"rendered":"Elecciones Espa\u00f1a: Participaci\u00f3n del 37,02% a las 14:00, la quinta m\u00e1s baja de la historia"},"content":{"rendered":"<p><strong>Espa\u00f1a<\/strong><\/p>\n<p>La\u00a0<strong>secretaria de Estado de Comunicaci\u00f3n<\/strong>, Carmen Mart\u00ednez Castro y el\u00a0<strong>subsecretario del Interior<\/strong>, Luis Aguilera Ruiz, han comparecido a las 14:30 para ofrecer los\u00a0<strong>primeros datos de participaci\u00f3n<\/strong>\u00a0y comentar el desarrollo de la jornada.<\/p>\n<p>A esta hora, seg\u00fan la secretaria de Estado de Comunicaci\u00f3n, el 36,94% de los espa\u00f1oles han ejercido su derecho a voto. Sin embargo, <strong>Interior ha corregido a Carmen Mart\u00ednez y ha explicado que la verdadera de participaci\u00f3n es de 37,02%<\/strong>, casi un punto menos que en 2011, cuando\u00a012.990.129 (37,89%) hab\u00edan acudido a las urnas. Estos datos de participaci\u00f3n son los 6\u00ba m\u00e1s bajos a las 14:00, un resultado similar al de2004\u00a0que, sin embargo, luego arroj\u00f3 el resultado de participaci\u00f3n m\u00e1s alto de la democracia.<\/p>\n<p>El r\u00e9cord de participaci\u00f3n a las\u00a0<strong>14:00 fue en 1993, cuando el 41,83% de los electores ya hab\u00edan votado<\/strong>. Sin embargo, fue 2004 el a\u00f1o en el que, a esa hora, m\u00e1s gente en t\u00e9rminos absolutos hab\u00eda acudido a las urnas: 13.723.532 espa\u00f1oles, es decir, el 41,02%.<\/p>\n<p>Por el contrario,\u00a0<strong>en 1989, solo 10.523.05, un 35,78%,<\/strong>\u00a0de los mayores de 18 a\u00f1os hab\u00edan depositado su voto antes de comer. En t\u00e9rminos absolutos, 1979 fue el a\u00f1o en el que se registr\u00f3 el dato m\u00e1s bajo: 9.665.733 personas.<\/p>\n<h2 class=\"ladillo\">As\u00ed han votado en las Comunidades Aut\u00f3nomas<\/h2>\n<ul>\n<li>Andaluc\u00eda: 35,03 por ciento, 2,72 puntos porcentuales inferiores a la del 2011. 37,73 por ciento.<\/li>\n<li>Arag\u00f3n 39,63 por ciento muy similar a la del 2011. 39,54 por ciento.<\/li>\n<li>Asturias: 35,3 por ciento, 1,41 puntos porcentuales menos que en 2011, 36,71 por ciento.<\/li>\n<li>Baleares: 35,13 por ciento, muy similar al 2011, 35,17 por ciento.<\/li>\n<li>Canarias (con la apertura una hora despu\u00e9s que en la pen\u00ednsula): 27,26 este a\u00f1o frente al 28,03 de 2011.<\/li>\n<li>Cantabria: 40,3 por ciento, en 2011 40,44 por ciento.<\/li>\n<li>Castilla y Le\u00f3n: 37,13 pro ciento, en 2011 un 38 por ciento.<\/li>\n<li>Castilla La Mancha: 37,3 por ciento, 2,23 puntos inferior a la del 2011, 39,53 por ciento.<\/li>\n<li>Catalu\u00f1a: 35,36 por ciento frente al 35,55 por ciento del 2011.<\/li>\n<li>Valencia: 43,12 por ciento.<\/li>\n<li>Extremadura: 35,63 por ciento, cuatro puntos porcentuales menos que en 2011, 39,67 por ciento.<\/li>\n<li>Galicia: 33,31 por ciento, un 0,44 por ciento menos que el registrado en 2011.<\/li>\n<li>Madrid: 40,18%, 0,57% menos que en 2011.<\/li>\n<li>Murcia: 38,39 por ciento, m\u00e1s de cuatro puntos porcentuales menos que en 2011, 42,5 por ciento.<\/li>\n<li>Comunidad Foral de Navarra: 39,7 por ciento, ligeramente inferior que en 2011, 39,11 por ciento.<\/li>\n<li>Pa\u00eds Vasco: 39,21 por ciento, frente al 38,34 por ciento de 2011.<\/li>\n<li>La Rioja: 40,65 por ciento, 1,23 menos que en 2011.<\/li>\n<li>Ceuta: 25,68 por ciento frente al 26,63 por ciento de 2011.<\/li>\n<li>Melilla: 22,69 frente al 25,63 por ciento de 2011.<\/li>\n<\/ul>\n<p>F. La Informaci\u00f3n.<\/p>\n","protected":false},"excerpt":{"rendered":"<p>Espa\u00f1a La\u00a0secretaria de Estado de Comunicaci\u00f3n, Carmen Mart\u00ednez Castro y el\u00a0subsecretario del Interior, Luis Aguilera Ruiz, han comparecido a las 14:30 para ofrecer los\u00a0primeros datos de participaci\u00f3n\u00a0y comentar el desarrollo de la jornada. A esta hora, seg\u00fan la secretaria de Estado de Comunicaci\u00f3n, el 36,94% de los espa\u00f1oles han ejercido su derecho a voto. Sin [&hellip;]<\/p>\n","protected":false},"author":7,"featured_media":36804,"comment_status":"open","ping_status":"open","sticky":false,"template":"","format":"standard","meta":{"footnotes":""},"categories":[85,40,43],"tags":[],"class_list":["post-36803","post","type-post","status-publish","format-standard","has-post-thumbnail","hentry","category-espana","category-internacionales","category-politica"],"_links":{"self":[{"href":"https:\/\/2horizontes.com\/index.php?rest_route=\/wp\/v2\/posts\/36803","targetHints":{"allow":["GET"]}}],"collection":[{"href":"https:\/\/2horizontes.com\/index.php?rest_route=\/wp\/v2\/posts"}],"about":[{"href":"https:\/\/2horizontes.com\/index.php?rest_route=\/wp\/v2\/types\/post"}],"author":[{"embeddable":true,"href":"https:\/\/2horizontes.com\/index.php?rest_route=\/wp\/v2\/users\/7"}],"replies":[{"embeddable":true,"href":"https:\/\/2horizontes.com\/index.php?rest_route=%2Fwp%2Fv2%2Fcomments&post=36803"}],"version-history":[{"count":4,"href":"https:\/\/2horizontes.com\/index.php?rest_route=\/wp\/v2\/posts\/36803\/revisions"}],"predecessor-version":[{"id":36808,"href":"https:\/\/2horizontes.com\/index.php?rest_route=\/wp\/v2\/posts\/36803\/revisions\/36808"}],"wp:featuredmedia":[{"embeddable":true,"href":"https:\/\/2horizontes.com\/index.php?rest_route=\/wp\/v2\/media\/36804"}],"wp:attachment":[{"href":"https:\/\/2horizontes.com\/index.php?rest_route=%2Fwp%2Fv2%2Fmedia&parent=36803"}],"wp:term":[{"taxonomy":"category","embeddable":true,"href":"https:\/\/2horizontes.com\/index.php?rest_route=%2Fwp%2Fv2%2Fcategories&post=36803"},{"taxonomy":"post_tag","embeddable":true,"href":"https:\/\/2horizontes.com\/index.php?rest_route=%2Fwp%2Fv2%2Ftags&post=36803"}],"curies":[{"name":"wp","href":"https:\/\/api.w.org\/{rel}","templated":true}]}}