{"id":36784,"date":"2015-12-20T15:45:51","date_gmt":"2015-12-20T14:45:51","guid":{"rendered":"http:\/\/2horizontes.com\/?p=36784"},"modified":"2015-12-20T15:45:51","modified_gmt":"2015-12-20T14:45:51","slug":"joven-se-ahorca-en-mao-por-motivos-desconocidos-rd","status":"publish","type":"post","link":"https:\/\/2horizontes.com\/?p=36784","title":{"rendered":"Joven se ahorca en Mao por motivos desconocidos RD"},"content":{"rendered":"<article class=\"contenidoArticulo\">\n<div class=\"cuerpoNoticia\">\n<p><strong>RD- MAO-<\/strong>Un hombre se quit\u00f3 la vida ahorc\u00e1ndose la madrugada de este domingo, en hecho ocurrido en Mao, provincia Valverde.<\/p>\n<p>Alfonso Peralta Rojas, de 25 a\u00f1os de edad, presenta asfixia por ahorcamiento, de acuerdo al informe de m\u00e9dico.<\/p>\n<p>Hasta el momento las autoridades no han establecido las causas que llevaron a Peralta Rojas al suicidio.<\/p>\n<p>El cuerpo fue enviado al Instituto nacional de Ciencias Forenses en Santiago (INACIF).<\/p>\n<\/div>\n<\/article>\n<p>&nbsp;<\/p>\n","protected":false},"excerpt":{"rendered":"<p>RD- MAO-Un hombre se quit\u00f3 la vida ahorc\u00e1ndose la madrugada de este domingo, en hecho ocurrido en Mao, provincia Valverde. Alfonso Peralta Rojas, de 25 a\u00f1os de edad, presenta asfixia por ahorcamiento, de acuerdo al informe de m\u00e9dico. Hasta el momento las autoridades no han establecido las causas que llevaron a Peralta Rojas al suicidio. [&hellip;]<\/p>\n","protected":false},"author":8,"featured_media":36785,"comment_status":"open","ping_status":"open","sticky":false,"template":"","format":"standard","meta":{"footnotes":""},"categories":[53,44],"tags":[],"class_list":["post-36784","post","type-post","status-publish","format-standard","has-post-thumbnail","hentry","category-provincias","category-republica-dominicana"],"_links":{"self":[{"href":"https:\/\/2horizontes.com\/index.php?rest_route=\/wp\/v2\/posts\/36784","targetHints":{"allow":["GET"]}}],"collection":[{"href":"https:\/\/2horizontes.com\/index.php?rest_route=\/wp\/v2\/posts"}],"about":[{"href":"https:\/\/2horizontes.com\/index.php?rest_route=\/wp\/v2\/types\/post"}],"author":[{"embeddable":true,"href":"https:\/\/2horizontes.com\/index.php?rest_route=\/wp\/v2\/users\/8"}],"replies":[{"embeddable":true,"href":"https:\/\/2horizontes.com\/index.php?rest_route=%2Fwp%2Fv2%2Fcomments&post=36784"}],"version-history":[{"count":1,"href":"https:\/\/2horizontes.com\/index.php?rest_route=\/wp\/v2\/posts\/36784\/revisions"}],"predecessor-version":[{"id":36786,"href":"https:\/\/2horizontes.com\/index.php?rest_route=\/wp\/v2\/posts\/36784\/revisions\/36786"}],"wp:featuredmedia":[{"embeddable":true,"href":"https:\/\/2horizontes.com\/index.php?rest_route=\/wp\/v2\/media\/36785"}],"wp:attachment":[{"href":"https:\/\/2horizontes.com\/index.php?rest_route=%2Fwp%2Fv2%2Fmedia&parent=36784"}],"wp:term":[{"taxonomy":"category","embeddable":true,"href":"https:\/\/2horizontes.com\/index.php?rest_route=%2Fwp%2Fv2%2Fcategories&post=36784"},{"taxonomy":"post_tag","embeddable":true,"href":"https:\/\/2horizontes.com\/index.php?rest_route=%2Fwp%2Fv2%2Ftags&post=36784"}],"curies":[{"name":"wp","href":"https:\/\/api.w.org\/{rel}","templated":true}]}}