{"id":36774,"date":"2015-12-20T12:10:35","date_gmt":"2015-12-20T11:10:35","guid":{"rendered":"http:\/\/2horizontes.com\/?p=36774"},"modified":"2015-12-20T12:10:35","modified_gmt":"2015-12-20T11:10:35","slug":"la-prensa-internacional-se-hace-eco-de-las-elecciones-generales-espanolas","status":"publish","type":"post","link":"https:\/\/2horizontes.com\/?p=36774","title":{"rendered":"La prensa internacional se hace eco de las elecciones generales espa\u00f1olas"},"content":{"rendered":"<p><strong>Mundo<\/strong><\/p>\n<p>La prensa internacional se hace eco este domingo de las elecciones generales de Espa\u00f1a que podr\u00edan cambiar el mapa pol\u00edtico nacional. Los medios de comunicaci\u00f3n europeos son en los que m\u00e1s repercursi\u00f3n est\u00e1 teniendo la jornada electoral.<\/p>\n<p>La cadena brit\u00e1nica &#8216;BBC&#8217; se\u00f1ala que \u00abE<strong>spa\u00f1a se enfrenta a las elecciones m\u00e1s abiertas en d\u00e9cada<\/strong>s\u00bb y apostilla que se trata de una ocasi\u00f3n \u00fanica en la que m\u00e1s de dos partidos compiten por el poder. Destaca la irrupci\u00f3n de Podemos y Ciudadanos en el espectro pol\u00edtico quienes est\u00e1n \u00abcambiando las reglas\u00bb del juego.<\/p>\n<p>El peri\u00f3dico brit\u00e1nico &#8216;The Guardian&#8217; destaca, por su parte, que se trata de las elecciones \u00abm\u00e1s re\u00f1idas de la historia reciente\u00bb. El rotativo apunta a la situaci\u00f3n econ\u00f3mica espa\u00f1ola como causa de que cuatro partidos se disputen el hemiciclo este domingo.<\/p>\n<p>El peri\u00f3dico econ\u00f3mico &#8216;The Economist&#8217; incluso se ha atrevido a pedir el voto por Ciudadanos en un tuit subido este domingo que acompa\u00f1aba con una gr\u00e1fica sobre la tasa de desempleo espa\u00f1ola. \u00ab<strong>Espa\u00f1a vota hoy. Si &#8216;The Economist&#8217; pudiera votar lo har\u00eda por los liberales de Ciudadanos<\/strong>\u00ab, reza el mensaje colgado en la red social.<\/p>\n<p>\u00ab<strong>Los indignados a las puertas del congreso<\/strong>\u00ab, es el titular con el que el diario franc\u00e9s &#8216;Le Figaro&#8217; cuenta la actualidad electoral en Espa\u00f1a. Destaca que dos nuevos partidos irrumpir\u00e1n en el Parlamento como consecuencia de la mala situaci\u00f3n econ\u00f3mica del pa\u00eds.<\/p>\n<p>&#8216;Lib\u00e9ration&#8217;, por su parte, abre su edici\u00f3n digital con los comicios espa\u00f1oles bajo el t\u00edtular: \u00ab<strong>Espa\u00f1a: El nuevo impulso pol\u00edtico<\/strong>\u00ab. El rotativo destaca que las elecciones de este domingo van a terminar con el bipartidismo y remarca el golpe que supondr\u00e1n las urnas para socialistas y populares por la aparici\u00f3n de Podemos y Ciudadanos.<\/p>\n<p>El italiano &#8216;Il Corriere Della Sera&#8217; pone en las manos del Rey la decisi\u00f3n final sobre la disputa a cuatro que se desarrollar\u00e1 durante la jornada. \u00abPodemos y Ciudadanos al asalto del poder pero la \u00faltima palabra es del Rey\u00bb, titula.<\/p>\n<p>F. La Informaci\u00f3n.<\/p>\n","protected":false},"excerpt":{"rendered":"<p>Mundo La prensa internacional se hace eco este domingo de las elecciones generales de Espa\u00f1a que podr\u00edan cambiar el mapa pol\u00edtico nacional. Los medios de comunicaci\u00f3n europeos son en los que m\u00e1s repercursi\u00f3n est\u00e1 teniendo la jornada electoral. La cadena brit\u00e1nica &#8216;BBC&#8217; se\u00f1ala que \u00abEspa\u00f1a se enfrenta a las elecciones m\u00e1s abiertas en d\u00e9cadas\u00bb y [&hellip;]<\/p>\n","protected":false},"author":7,"featured_media":36775,"comment_status":"open","ping_status":"open","sticky":false,"template":"","format":"standard","meta":{"footnotes":""},"categories":[85,86,40,43],"tags":[],"class_list":["post-36774","post","type-post","status-publish","format-standard","has-post-thumbnail","hentry","category-espana","category-europa","category-internacionales","category-politica"],"_links":{"self":[{"href":"https:\/\/2horizontes.com\/index.php?rest_route=\/wp\/v2\/posts\/36774","targetHints":{"allow":["GET"]}}],"collection":[{"href":"https:\/\/2horizontes.com\/index.php?rest_route=\/wp\/v2\/posts"}],"about":[{"href":"https:\/\/2horizontes.com\/index.php?rest_route=\/wp\/v2\/types\/post"}],"author":[{"embeddable":true,"href":"https:\/\/2horizontes.com\/index.php?rest_route=\/wp\/v2\/users\/7"}],"replies":[{"embeddable":true,"href":"https:\/\/2horizontes.com\/index.php?rest_route=%2Fwp%2Fv2%2Fcomments&post=36774"}],"version-history":[{"count":1,"href":"https:\/\/2horizontes.com\/index.php?rest_route=\/wp\/v2\/posts\/36774\/revisions"}],"predecessor-version":[{"id":36776,"href":"https:\/\/2horizontes.com\/index.php?rest_route=\/wp\/v2\/posts\/36774\/revisions\/36776"}],"wp:featuredmedia":[{"embeddable":true,"href":"https:\/\/2horizontes.com\/index.php?rest_route=\/wp\/v2\/media\/36775"}],"wp:attachment":[{"href":"https:\/\/2horizontes.com\/index.php?rest_route=%2Fwp%2Fv2%2Fmedia&parent=36774"}],"wp:term":[{"taxonomy":"category","embeddable":true,"href":"https:\/\/2horizontes.com\/index.php?rest_route=%2Fwp%2Fv2%2Fcategories&post=36774"},{"taxonomy":"post_tag","embeddable":true,"href":"https:\/\/2horizontes.com\/index.php?rest_route=%2Fwp%2Fv2%2Ftags&post=36774"}],"curies":[{"name":"wp","href":"https:\/\/api.w.org\/{rel}","templated":true}]}}