{"id":3674,"date":"2015-03-22T21:49:33","date_gmt":"2015-03-22T21:49:33","guid":{"rendered":"http:\/\/2horizontes.com\/?p=3674"},"modified":"2015-03-22T21:50:05","modified_gmt":"2015-03-22T21:50:05","slug":"el-desfile-dominicano-en-madrid-no-fue-celebrado-por-falta-de-25-euros","status":"publish","type":"post","link":"https:\/\/2horizontes.com\/?p=3674","title":{"rendered":"El Desfile Dominicano en Madrid no fue celebrado por falta de 25 mil euros"},"content":{"rendered":"<p><a href=\"http:\/\/2horizontes.com\/wp-content\/uploads\/2015\/03\/des.jpg\"><img loading=\"lazy\" decoding=\"async\" src=\"http:\/\/2horizontes.com\/wp-content\/uploads\/2015\/03\/des-300x199.jpg\" alt=\"des\" width=\"300\" height=\"199\" class=\"alignleft size-medium wp-image-3675\" srcset=\"https:\/\/2horizontes.com\/wp-content\/uploads\/2015\/03\/des-300x199.jpg 300w, https:\/\/2horizontes.com\/wp-content\/uploads\/2015\/03\/des-510x339.jpg 510w, https:\/\/2horizontes.com\/wp-content\/uploads\/2015\/03\/des.jpg 584w\" sizes=\"auto, (max-width: 300px) 100vw, 300px\" \/><\/a><\/p>\n<p>MADRID, Espa\u00f1a.- El embajador de la Rep\u00fablica Dominicana ante el reino de Espa\u00f1a, Anibal de Castro, inform\u00f3 que el tan esperado \u201cDesfile del Carnaval Dominicano\u201d en esta ciudad no fue celebrado por la falta de 25 mil.<\/p>\n<p>En tanto, dominicanos radicados en Madrid pronunciaron su descontento, ya que, a pesar de que hab\u00edan obtenido los respectivos permisos del gobierno espa\u00f1ol, las autoridades dominicanas no realizaron los esfuerzos de lugar para celebrar dicho evento.<\/p>\n<p>El diputado Marcos Cross, principal promotor del Desfile, critic\u00f3 que el Consulado General de la Rep\u00fablica Dominicana en Madrid, que dirige Juan Cuevas, no haya<br \/>\ndestinado los fondos para el evento que, seg\u00fan \u00e9l, promueve la dominicanidad y el patriotismo.<\/p>\n<p>Propuso, asimismo, no dejar pasar por alto estas importantes fechas. \u201cAnte la falta de decisi\u00f3n o la imposibilidad de realizar estos macros eventos, al menos debemos celebrar la fiesta conmemorativa de nuestra Independencia en un recinto bajo techo\u201d.<\/p>\n<p>De su parte, el exc\u00f3nsul Frank Bencosme lament\u00f3 el descenso del entusiasmo de exaltar la dominicanidad en Espa\u00f1a, y ecord\u00f3 que su gesti\u00f3n celebr\u00f3 el m\u00e1s multitudinario y colorido desfile (2012), con fondos del Consulado, y en 2013 no se llevo a cabo porque no se obtuvieron los correspondientes permisos.<\/p>\n<p>Asimismo, Frank Segura, presidente de Amo Dominicana, llam\u00f3 a las<br \/>\nfuerzas vivas de la comunidad dominicana a que \u201creivindiquen esta importante celebraci\u00f3n, no dej\u00e1ndola caer en el olvido por el desinter\u00e9s de quienes han tenido la responsabilidad de realizarla\u201d.<\/p>\n<p>jt\/am<\/p>\n","protected":false},"excerpt":{"rendered":"<p>MADRID, Espa\u00f1a.- El embajador de la Rep\u00fablica Dominicana ante el reino de Espa\u00f1a, Anibal de Castro, inform\u00f3 que el tan esperado \u201cDesfile del Carnaval Dominicano\u201d en esta ciudad no fue celebrado por la falta de 25 mil. En tanto, dominicanos radicados en Madrid pronunciaron su descontento, ya que, a pesar de que hab\u00edan obtenido los [&hellip;]<\/p>\n","protected":false},"author":1,"featured_media":0,"comment_status":"open","ping_status":"open","sticky":false,"template":"","format":"standard","meta":{"footnotes":""},"categories":[1],"tags":[],"class_list":["post-3674","post","type-post","status-publish","format-standard","hentry","category-entretenimiento"],"_links":{"self":[{"href":"https:\/\/2horizontes.com\/index.php?rest_route=\/wp\/v2\/posts\/3674","targetHints":{"allow":["GET"]}}],"collection":[{"href":"https:\/\/2horizontes.com\/index.php?rest_route=\/wp\/v2\/posts"}],"about":[{"href":"https:\/\/2horizontes.com\/index.php?rest_route=\/wp\/v2\/types\/post"}],"author":[{"embeddable":true,"href":"https:\/\/2horizontes.com\/index.php?rest_route=\/wp\/v2\/users\/1"}],"replies":[{"embeddable":true,"href":"https:\/\/2horizontes.com\/index.php?rest_route=%2Fwp%2Fv2%2Fcomments&post=3674"}],"version-history":[{"count":2,"href":"https:\/\/2horizontes.com\/index.php?rest_route=\/wp\/v2\/posts\/3674\/revisions"}],"predecessor-version":[{"id":3677,"href":"https:\/\/2horizontes.com\/index.php?rest_route=\/wp\/v2\/posts\/3674\/revisions\/3677"}],"wp:attachment":[{"href":"https:\/\/2horizontes.com\/index.php?rest_route=%2Fwp%2Fv2%2Fmedia&parent=3674"}],"wp:term":[{"taxonomy":"category","embeddable":true,"href":"https:\/\/2horizontes.com\/index.php?rest_route=%2Fwp%2Fv2%2Fcategories&post=3674"},{"taxonomy":"post_tag","embeddable":true,"href":"https:\/\/2horizontes.com\/index.php?rest_route=%2Fwp%2Fv2%2Ftags&post=3674"}],"curies":[{"name":"wp","href":"https:\/\/api.w.org\/{rel}","templated":true}]}}