{"id":36712,"date":"2015-12-19T12:25:27","date_gmt":"2015-12-19T11:25:27","guid":{"rendered":"http:\/\/2horizontes.com\/?p=36712"},"modified":"2015-12-19T12:25:27","modified_gmt":"2015-12-19T11:25:27","slug":"informe-el-exnuncio-de-republica-dominicana-acusado-de-pederastia-murio-por-un-infarto","status":"publish","type":"post","link":"https:\/\/2horizontes.com\/?p=36712","title":{"rendered":"Informe: el exnuncio de Rep\u00fablica Dominicana acusado de pederastia muri\u00f3 por un infarto"},"content":{"rendered":"<div id=\"ArticleAuthorDiv\" class=\"article-body-author\"><b>EFE<\/b><\/div>\n<div id=\"ArticleSourceDiv\" class=\"article-body-author\"><b>Ciudad del Vaticano<\/b><\/div>\n<div id=\"ArticleBody\">\n<p>La Santa Sede inform\u00f3 ayer de que los resultados definitivos de la autopsia realizada al exnuncio en la Rep\u00fablica Dominicana Jozef Wesolowski, acusado de pederastia y posesi\u00f3n de material pornogr\u00e1fico y fallecido el pasado 28 de agosto, confirmaron que muri\u00f3 a causa de un infarto.<\/p>\n<p>En un comunicado, la Santa Sede explic\u00f3 que el \u00abinforme de las pruebas qu\u00edmicas toxicol\u00f3gicas efectuadas sobre las muestras tomadas durante la autopsia\u00bb realizada a Wesolowski confirman los primeros resultados ya obtenidos en agosto, es decir, que falleci\u00f3 por un \u00abfallo cardiaco\u00bb.<\/p>\n<p>\u00abLas conclusiones definitivamente han confirmado los resultados del examen necrosc\u00f3pico, es decir, que la muerte se produjo por causas naturales (infarto agudo en el miocardio), con la exclusi\u00f3n de otras causas ex\u00f3genas\u00bb, asegur\u00f3 la Santa Sede.<\/p>\n<p>Las \u00abinvestigaciones se han llevado a cabo en estricto respeto a las indicaciones derivadas de las directrices y protocolos reconocidos en el \u00e1mbito internacional\u00bb y han sido efectuadas \u00abpor un colegio de m\u00e9dicos legales nombrados por el promotor de Justicia (fiscal) vaticano el d\u00eda despu\u00e9s de la muerte\u00bb de Wesolowski.<\/p>\n<p>El pasado 29 de agosto, la Santa Sede afirm\u00f3 que la autopsia hab\u00eda sido ordenada por el promotor de Justicia vaticano (el fiscal), Gian Piero Milano, quien a su vez nombr\u00f3 a una comisi\u00f3n de tres peritos coordinada por Giovanni Arcudi, profesor de Medicina Legal de la Universidad romana de Tor Vergata.<\/p>\n<p>Wesolowski fue encontrado muerto a las 5.00 de la madrugada del 28 de agosto, sentado en un sill\u00f3n y con la televisi\u00f3n encendida en la habitaci\u00f3n de su residencia en los Jardines vaticanos, donde se encontraba en espera de que se celebrase el juicio en el tribunal vaticano.<\/p>\n<p>El suyo iba a ser un proceso sin precedentes ya hasta ahora ning\u00fan religioso hab\u00eda sido enjuiciado en el Vaticano por pederastia.<\/p>\n<p>El polaco, con t\u00edtulo de arzobispo y un largo historial como nuncio en varios pa\u00edses, no se present\u00f3 al inicio del proceso en el Vaticano en julio porque -aleg\u00f3- estaba ingresado en un hospital p\u00fablico de Roma.<\/p>\n<p>El esc\u00e1ndalo estall\u00f3 tras un reportaje emitido en un canal de televisi\u00f3n dominicano en el que se aseguraba que Wesolowski supuestamente acud\u00eda a los barrios m\u00e1s pobres del pa\u00eds y pagaba a los menores por que mantuvieran relaciones sexuales.<\/p>\n<p>El prelado polaco fue detenido el 22 de septiembre de 2014 en el Vaticano y sometido a arresto domiciliario por expresa orden del papa Francisco con el fin de evitar \u00abla contaminaci\u00f3n de pruebas\u00bb y su posible fuga.<\/p>\n<p>En la primera audiencia, que dur\u00f3 s\u00f3lo algunos minutos, se leyeron los cinco delitos por los que estaba imputado, entre ellos acceder a p\u00e1ginas pornogr\u00e1ficas en internet, as\u00ed como posesi\u00f3n de material pederasta tanto en Roma como durante su estancia en la isla caribe\u00f1a de la que fue nuncio desde 2008 a 2013.<\/p>\n<p>Tambi\u00e9n fue acusado en varias ocasiones de corromper y abusar de menores de entre 13 y 16 a\u00f1os durante su estancia en la Rep\u00fablica Dominicana.<\/p>\n<\/div>\n","protected":false},"excerpt":{"rendered":"<p>EFE Ciudad del Vaticano La Santa Sede inform\u00f3 ayer de que los resultados definitivos de la autopsia realizada al exnuncio en la Rep\u00fablica Dominicana Jozef Wesolowski, acusado de pederastia y posesi\u00f3n de material pornogr\u00e1fico y fallecido el pasado 28 de agosto, confirmaron que muri\u00f3 a causa de un infarto. En un comunicado, la Santa Sede [&hellip;]<\/p>\n","protected":false},"author":7,"featured_media":36713,"comment_status":"open","ping_status":"open","sticky":false,"template":"","format":"standard","meta":{"footnotes":""},"categories":[40,44],"tags":[],"class_list":["post-36712","post","type-post","status-publish","format-standard","has-post-thumbnail","hentry","category-internacionales","category-republica-dominicana"],"_links":{"self":[{"href":"https:\/\/2horizontes.com\/index.php?rest_route=\/wp\/v2\/posts\/36712","targetHints":{"allow":["GET"]}}],"collection":[{"href":"https:\/\/2horizontes.com\/index.php?rest_route=\/wp\/v2\/posts"}],"about":[{"href":"https:\/\/2horizontes.com\/index.php?rest_route=\/wp\/v2\/types\/post"}],"author":[{"embeddable":true,"href":"https:\/\/2horizontes.com\/index.php?rest_route=\/wp\/v2\/users\/7"}],"replies":[{"embeddable":true,"href":"https:\/\/2horizontes.com\/index.php?rest_route=%2Fwp%2Fv2%2Fcomments&post=36712"}],"version-history":[{"count":1,"href":"https:\/\/2horizontes.com\/index.php?rest_route=\/wp\/v2\/posts\/36712\/revisions"}],"predecessor-version":[{"id":36714,"href":"https:\/\/2horizontes.com\/index.php?rest_route=\/wp\/v2\/posts\/36712\/revisions\/36714"}],"wp:featuredmedia":[{"embeddable":true,"href":"https:\/\/2horizontes.com\/index.php?rest_route=\/wp\/v2\/media\/36713"}],"wp:attachment":[{"href":"https:\/\/2horizontes.com\/index.php?rest_route=%2Fwp%2Fv2%2Fmedia&parent=36712"}],"wp:term":[{"taxonomy":"category","embeddable":true,"href":"https:\/\/2horizontes.com\/index.php?rest_route=%2Fwp%2Fv2%2Fcategories&post=36712"},{"taxonomy":"post_tag","embeddable":true,"href":"https:\/\/2horizontes.com\/index.php?rest_route=%2Fwp%2Fv2%2Ftags&post=36712"}],"curies":[{"name":"wp","href":"https:\/\/api.w.org\/{rel}","templated":true}]}}