{"id":3671,"date":"2015-03-21T23:23:40","date_gmt":"2015-03-21T23:23:40","guid":{"rendered":"http:\/\/2horizontes.com\/?p=3671"},"modified":"2015-03-21T23:23:40","modified_gmt":"2015-03-21T23:23:40","slug":"apresan-dominicano-acusado-de-asesinato-en-espana","status":"publish","type":"post","link":"https:\/\/2horizontes.com\/?p=3671","title":{"rendered":"Apresan dominicano acusado de asesinato en Espa\u00f1a"},"content":{"rendered":"<p><a href=\"http:\/\/2horizontes.com\/wp-content\/uploads\/2015\/03\/aae.jpg\"><img loading=\"lazy\" decoding=\"async\" src=\"http:\/\/2horizontes.com\/wp-content\/uploads\/2015\/03\/aae-300x180.jpg\" alt=\"aae\" width=\"300\" height=\"180\" class=\"alignleft size-medium wp-image-3672\" srcset=\"https:\/\/2horizontes.com\/wp-content\/uploads\/2015\/03\/aae-300x180.jpg 300w, https:\/\/2horizontes.com\/wp-content\/uploads\/2015\/03\/aae-510x306.jpg 510w, https:\/\/2horizontes.com\/wp-content\/uploads\/2015\/03\/aae.jpg 700w\" sizes=\"auto, (max-width: 300px) 100vw, 300px\" \/><\/a><\/p>\n<p>SANTO DOMINGO.- Agentes de la OCN-INTERPOL Dominicana apresaron ayer en el sector El Almirante, Santo Domingo Este, un dominicano acusado de ultimar a golpes una persona en Espa\u00f1a y escapar de ese pa\u00eds, acci\u00f3n delictiva por la  cual podr\u00eda ser condenado a 25 a\u00f1os de prisi\u00f3n.<\/p>\n<p>Se trata de Cruz Javier de los Santos, contra quien fue emitida una orden de b\u00fasqueda y captura internacional por la justicia europea,  n\u00famero a-4921\/8-2011 y tambi\u00e9n otra marcada 2910\/11, dictada en fecha 05\/08\/2011, por el juzgado de instrucci\u00f3n de Lleida, Espa\u00f1a.<\/p>\n<p>El ahora prevenido fue ubicado en la calle Francisco del Rosario S\u00e1nchez, sector El Almirante, donde se escond\u00eda para tratar de evadir la acci\u00f3n judicial.<\/p>\n<p>La Polic\u00eda explic\u00f3 que el arresto de De los Santos en el pa\u00eds se materializ\u00f3 en atenci\u00f3n a la orden  370-2015, dictada en fecha 04-03-2015, por la Segunda Sala de la Suprema Corte de Justicia.<\/p>\n<p>El prevenido fue enviado a la c\u00e1rcel de los extraditables, ubicada en la sede de la Direcci\u00f3n Nacional de Control de Drogas (DNCD), por instrucciones de la directora del Departamento de Asistencia Jur\u00eddica Internacional y Extradici\u00f3n de la Procuradur\u00eda General de la Rep\u00fablica.<\/p>\n<p>En las pr\u00f3ximas horas se realizar\u00e1 el proceso de extradici\u00f3n a Espa\u00f1a, ciudad donde es requerido, luego de cumplir con los procedimientos correspondientes<\/p>\n","protected":false},"excerpt":{"rendered":"<p>SANTO DOMINGO.- Agentes de la OCN-INTERPOL Dominicana apresaron ayer en el sector El Almirante, Santo Domingo Este, un dominicano acusado de ultimar a golpes una persona en Espa\u00f1a y escapar de ese pa\u00eds, acci\u00f3n delictiva por la cual podr\u00eda ser condenado a 25 a\u00f1os de prisi\u00f3n. Se trata de Cruz Javier de los Santos, contra [&hellip;]<\/p>\n","protected":false},"author":1,"featured_media":0,"comment_status":"open","ping_status":"open","sticky":false,"template":"","format":"standard","meta":{"footnotes":""},"categories":[1],"tags":[],"class_list":["post-3671","post","type-post","status-publish","format-standard","hentry","category-entretenimiento"],"_links":{"self":[{"href":"https:\/\/2horizontes.com\/index.php?rest_route=\/wp\/v2\/posts\/3671","targetHints":{"allow":["GET"]}}],"collection":[{"href":"https:\/\/2horizontes.com\/index.php?rest_route=\/wp\/v2\/posts"}],"about":[{"href":"https:\/\/2horizontes.com\/index.php?rest_route=\/wp\/v2\/types\/post"}],"author":[{"embeddable":true,"href":"https:\/\/2horizontes.com\/index.php?rest_route=\/wp\/v2\/users\/1"}],"replies":[{"embeddable":true,"href":"https:\/\/2horizontes.com\/index.php?rest_route=%2Fwp%2Fv2%2Fcomments&post=3671"}],"version-history":[{"count":1,"href":"https:\/\/2horizontes.com\/index.php?rest_route=\/wp\/v2\/posts\/3671\/revisions"}],"predecessor-version":[{"id":3673,"href":"https:\/\/2horizontes.com\/index.php?rest_route=\/wp\/v2\/posts\/3671\/revisions\/3673"}],"wp:attachment":[{"href":"https:\/\/2horizontes.com\/index.php?rest_route=%2Fwp%2Fv2%2Fmedia&parent=3671"}],"wp:term":[{"taxonomy":"category","embeddable":true,"href":"https:\/\/2horizontes.com\/index.php?rest_route=%2Fwp%2Fv2%2Fcategories&post=3671"},{"taxonomy":"post_tag","embeddable":true,"href":"https:\/\/2horizontes.com\/index.php?rest_route=%2Fwp%2Fv2%2Ftags&post=3671"}],"curies":[{"name":"wp","href":"https:\/\/api.w.org\/{rel}","templated":true}]}}