{"id":36695,"date":"2015-12-18T19:32:37","date_gmt":"2015-12-18T18:32:37","guid":{"rendered":"http:\/\/2horizontes.com\/?p=36695"},"modified":"2015-12-18T19:32:37","modified_gmt":"2015-12-18T18:32:37","slug":"apresan-19-militares-e-inspectores-de-migracion-por-trafico-y-trata-de-personas-rd","status":"publish","type":"post","link":"https:\/\/2horizontes.com\/?p=36695","title":{"rendered":"Apresan 19 militares e inspectores de Migraci\u00f3n por tr\u00e1fico y trata de personas RD"},"content":{"rendered":"<div>\n<p>RD- SANTO DOMINGO-Al menos 19 militares e inspectores de la Direcci\u00f3n General de\u00a0Migraci\u00f3n\u00a0(DGM)\u00a0fueron apresados tras ser acusados de trata y tr\u00e1fico de personas, seg\u00fan inform\u00f3 el abogado de cuatro de los detenidos. Una se\u00f1ora de 70 a\u00f1os figura entre los aprehendido.<br \/>\nPese a que hasta el momento no se han obtenido muchos detalles sobre el caso, se supo que estas personas guardan prisi\u00f3n en la c\u00e1rcel del Palacio de Justicia de Ciudad Nueva y que el caso es manejado por la fiscal Alba Corona del Departamento de Trata y Tr\u00e1fico de Personas.<\/p>\n<p>\u201cEn el d\u00eda de ayer, aproximadamente a las 12:30 de la tarde fueron apresadas alrededor de 19 personas, entre ellos 10 personas inspectores de Migraci\u00f3n, cinco militares y cuatro civiles y entre ellos una se\u00f1ora de aproximadamente 70 a\u00f1os de edad, acusados del tr\u00e1fico y trata de personas desde Rep\u00fablica Dominicana hasta Estados Unidos\u201d, detall\u00f3 Jos\u00e9 Contreras, abogado.<\/p>\n<p>Explic\u00f3 que alegadamente la Embajada de Estadod Unidos en el pa\u00eds llevaba seis meses d\u00e1ndole seguimiento a esas investigaciones y que ayer fue que obtuvieron las \u00f3rdenes de arresto, allanamientos y otros actos procesales.<\/p>\n<p>\u201cSupuestamente hab\u00eda personas que sal\u00edan del pa\u00eds con impedimento de salida, personas con visados falsos, personas sin la debida acreditaci\u00f3n de los pasaportes originales y ese tipo de maniobra fraudulenta, supuestamente es lo que acusa la Embajada, a trav\u00e9s del Ministerio P\u00fablico\u201d, explic\u00f3 Contreras.<\/p>\n<\/div>\n<p>Dijo que se espera que ma\u00f1ana s\u00e1bado se le conozca la medida de coerci\u00f3n a los apresados. Se est\u00e1 a la espera que el juzgado coordinador llegue a la Oficina de Atenci\u00f3n Permanente donde ser\u00e1 conocida.<\/p>\n<p>&nbsp;<\/p>\n","protected":false},"excerpt":{"rendered":"<p>RD- SANTO DOMINGO-Al menos 19 militares e inspectores de la Direcci\u00f3n General de\u00a0Migraci\u00f3n\u00a0(DGM)\u00a0fueron apresados tras ser acusados de trata y tr\u00e1fico de personas, seg\u00fan inform\u00f3 el abogado de cuatro de los detenidos. Una se\u00f1ora de 70 a\u00f1os figura entre los aprehendido. Pese a que hasta el momento no se han obtenido muchos detalles sobre el [&hellip;]<\/p>\n","protected":false},"author":8,"featured_media":36696,"comment_status":"open","ping_status":"open","sticky":false,"template":"","format":"standard","meta":{"footnotes":""},"categories":[44],"tags":[],"class_list":["post-36695","post","type-post","status-publish","format-standard","has-post-thumbnail","hentry","category-republica-dominicana"],"_links":{"self":[{"href":"https:\/\/2horizontes.com\/index.php?rest_route=\/wp\/v2\/posts\/36695","targetHints":{"allow":["GET"]}}],"collection":[{"href":"https:\/\/2horizontes.com\/index.php?rest_route=\/wp\/v2\/posts"}],"about":[{"href":"https:\/\/2horizontes.com\/index.php?rest_route=\/wp\/v2\/types\/post"}],"author":[{"embeddable":true,"href":"https:\/\/2horizontes.com\/index.php?rest_route=\/wp\/v2\/users\/8"}],"replies":[{"embeddable":true,"href":"https:\/\/2horizontes.com\/index.php?rest_route=%2Fwp%2Fv2%2Fcomments&post=36695"}],"version-history":[{"count":1,"href":"https:\/\/2horizontes.com\/index.php?rest_route=\/wp\/v2\/posts\/36695\/revisions"}],"predecessor-version":[{"id":36697,"href":"https:\/\/2horizontes.com\/index.php?rest_route=\/wp\/v2\/posts\/36695\/revisions\/36697"}],"wp:featuredmedia":[{"embeddable":true,"href":"https:\/\/2horizontes.com\/index.php?rest_route=\/wp\/v2\/media\/36696"}],"wp:attachment":[{"href":"https:\/\/2horizontes.com\/index.php?rest_route=%2Fwp%2Fv2%2Fmedia&parent=36695"}],"wp:term":[{"taxonomy":"category","embeddable":true,"href":"https:\/\/2horizontes.com\/index.php?rest_route=%2Fwp%2Fv2%2Fcategories&post=36695"},{"taxonomy":"post_tag","embeddable":true,"href":"https:\/\/2horizontes.com\/index.php?rest_route=%2Fwp%2Fv2%2Ftags&post=36695"}],"curies":[{"name":"wp","href":"https:\/\/api.w.org\/{rel}","templated":true}]}}