{"id":36684,"date":"2015-12-18T19:13:28","date_gmt":"2015-12-18T18:13:28","guid":{"rendered":"http:\/\/2horizontes.com\/?p=36684"},"modified":"2015-12-18T19:13:28","modified_gmt":"2015-12-18T18:13:28","slug":"cdp-ny-juramenta-a-su-nueva-directiva","status":"publish","type":"post","link":"https:\/\/2horizontes.com\/?p=36684","title":{"rendered":"CDP NY juramenta a su nueva directiva"},"content":{"rendered":"<p>NUEVA YORK.- El nuevo secretario general de la seccional neoyorquina del Colegio Dominicano de Periodistas (CDP), Julio C. Malone, abog\u00f3 para que la ley 10-91 que crea esa instituci\u00f3n sea m\u00e1s inclusiva en el cap\u00edtulo de su membres\u00eda<\/p>\n<p>En su discurso de toma de poseci\u00f3n, dijo que les preocupa el criterio que prima en la ciudad de Nueva York para ser periodista .<\/p>\n<p>Manifest\u00f3 que \u201cde alg\u00fan modo vamos a tener que armonizar esa situac\u00ed\u00f3n con las leyes dominicanas que crea el Colegio Dominicana de Periodista cargada de exclusi\u00f3n y de exclusividad\u201d.<\/p>\n<p>Sostuvo que \u201chay periodistas descendientes de dominicanos que hacen un trabajo maravilloso en el periodismo que no pueden ser miembros del Colegio porque las leyes la concibieron un grupito de gente en un momento dado en el pa\u00eds, que no ten\u00edan autoridad para decidir quien podr\u00eda serlo en esta ciudad\u201d.<\/p>\n<p>Se\u00f1al\u00f3 que el Congreso de laRep\u00fablica Dominicana tiene que actualizar la ley 10-91 que cre\u00f3 el CDP y que data de unos 20 a\u00f1os.<\/p>\n<p>El acto cont\u00f3 con la presencia del concejal de origen dominicano Ydanis Rodr\u00edguez y representantes de organizaciones comunitarias y pol\u00edticas.<\/p>\n<p>Adem\u00e1s de Malone, fueron juramentados Mar\u00eda S\u00e1nchez, sub-secretaria; Ambiorix Hern\u00e1ndez, Finanzas; Erasmo Chalas, Organizaci\u00f3n; Aracelis Calvajal, Acta y Correspondencia, y los vocales Arismendy Gonzalez y Ana Payamps.<\/p>\n<p>Dario Abre\u00fa, secretario general saliente, entreg\u00f3 reconocimientos a los periodistas Fernando Aquino, Luis Jim\u00e9nez, Mar\u00eda S\u00e1nchez, Luis Alfredo Collado y a la empresa vin\u00edcula Jack Daniels.<\/p>\n","protected":false},"excerpt":{"rendered":"<p>NUEVA YORK.- El nuevo secretario general de la seccional neoyorquina del Colegio Dominicano de Periodistas (CDP), Julio C. Malone, abog\u00f3 para que la ley 10-91 que crea esa instituci\u00f3n sea m\u00e1s inclusiva en el cap\u00edtulo de su membres\u00eda En su discurso de toma de poseci\u00f3n, dijo que les preocupa el criterio que prima en la [&hellip;]<\/p>\n","protected":false},"author":8,"featured_media":36685,"comment_status":"open","ping_status":"open","sticky":false,"template":"","format":"standard","meta":{"footnotes":""},"categories":[40,44],"tags":[],"class_list":["post-36684","post","type-post","status-publish","format-standard","has-post-thumbnail","hentry","category-internacionales","category-republica-dominicana"],"_links":{"self":[{"href":"https:\/\/2horizontes.com\/index.php?rest_route=\/wp\/v2\/posts\/36684","targetHints":{"allow":["GET"]}}],"collection":[{"href":"https:\/\/2horizontes.com\/index.php?rest_route=\/wp\/v2\/posts"}],"about":[{"href":"https:\/\/2horizontes.com\/index.php?rest_route=\/wp\/v2\/types\/post"}],"author":[{"embeddable":true,"href":"https:\/\/2horizontes.com\/index.php?rest_route=\/wp\/v2\/users\/8"}],"replies":[{"embeddable":true,"href":"https:\/\/2horizontes.com\/index.php?rest_route=%2Fwp%2Fv2%2Fcomments&post=36684"}],"version-history":[{"count":1,"href":"https:\/\/2horizontes.com\/index.php?rest_route=\/wp\/v2\/posts\/36684\/revisions"}],"predecessor-version":[{"id":36686,"href":"https:\/\/2horizontes.com\/index.php?rest_route=\/wp\/v2\/posts\/36684\/revisions\/36686"}],"wp:featuredmedia":[{"embeddable":true,"href":"https:\/\/2horizontes.com\/index.php?rest_route=\/wp\/v2\/media\/36685"}],"wp:attachment":[{"href":"https:\/\/2horizontes.com\/index.php?rest_route=%2Fwp%2Fv2%2Fmedia&parent=36684"}],"wp:term":[{"taxonomy":"category","embeddable":true,"href":"https:\/\/2horizontes.com\/index.php?rest_route=%2Fwp%2Fv2%2Fcategories&post=36684"},{"taxonomy":"post_tag","embeddable":true,"href":"https:\/\/2horizontes.com\/index.php?rest_route=%2Fwp%2Fv2%2Ftags&post=36684"}],"curies":[{"name":"wp","href":"https:\/\/api.w.org\/{rel}","templated":true}]}}