{"id":36681,"date":"2015-12-18T19:04:29","date_gmt":"2015-12-18T18:04:29","guid":{"rendered":"http:\/\/2horizontes.com\/?p=36681"},"modified":"2015-12-18T19:04:29","modified_gmt":"2015-12-18T18:04:29","slug":"asoc-supermercados-lamenta-muerte-de-los-santos-ny","status":"publish","type":"post","link":"https:\/\/2horizontes.com\/?p=36681","title":{"rendered":"Asoc. Supermercados lamenta muerte De los Santos NY"},"content":{"rendered":"<p>NUEVA YORK<span lang=\"EN\">.- <\/span><span lang=\"\">La Asociaci\u00f3n Nacional de Supermercados de los Estados Unidos (NSA, por sus siglas en ingl\u00e9s) lament\u00f3 aqu\u00ed el asesinato del alcalde de Santo Domingo Este, Juan de los Santos.<\/span><\/p>\n<p>La entidad, con sede en esta ciudad, se solidariz\u00f3 con la familia del popular edil y con el gobierno del presidente Danilo Medina, al tiempo de condenar en\u00e9rgicamente el horrendo hecho de sangre.<\/p>\n<p>Rudy Fuerte, presidente de la NSA, dijo que Juan de los Santos era un amigo de la entidad, \u201cun hombre muy valioso para la sociedad dominicana, que vino desde abajo\u201d, y en base al esfuerzo propio, logr\u00f3 convertirse en diputado, y posteriormente alcalde de Santo Domingo Este.<\/p>\n<p>\u201cEstamos muy triste y consternados con esta lamentable p\u00e9rdida de un amigo y gran profesional\u201d, indic\u00f3.<\/p>\n<p>Agreg\u00f3 que \u201cno hay palabras para expresar nuestros sentimientos, en estos momentos en que toda la Republica Dominicana, sin importar bander\u00edas pol\u00edticas, hoy llora la muerte a destiempo de un joven y prometedor empresario y pol\u00edtico dominicano\u201d.<\/p>\n<p>La Asociaci\u00f3n Nacional de Supermercados se solidariz\u00f3 con los familiares de Juan de los Santos y pidi\u00f3 a Dios que le de paz y conformidad en estos momentos dif\u00edciles.<\/p>\n","protected":false},"excerpt":{"rendered":"<p>NUEVA YORK.- La Asociaci\u00f3n Nacional de Supermercados de los Estados Unidos (NSA, por sus siglas en ingl\u00e9s) lament\u00f3 aqu\u00ed el asesinato del alcalde de Santo Domingo Este, Juan de los Santos. La entidad, con sede en esta ciudad, se solidariz\u00f3 con la familia del popular edil y con el gobierno del presidente Danilo Medina, al [&hellip;]<\/p>\n","protected":false},"author":8,"featured_media":36682,"comment_status":"open","ping_status":"open","sticky":false,"template":"","format":"standard","meta":{"footnotes":""},"categories":[40,44],"tags":[],"class_list":["post-36681","post","type-post","status-publish","format-standard","has-post-thumbnail","hentry","category-internacionales","category-republica-dominicana"],"_links":{"self":[{"href":"https:\/\/2horizontes.com\/index.php?rest_route=\/wp\/v2\/posts\/36681","targetHints":{"allow":["GET"]}}],"collection":[{"href":"https:\/\/2horizontes.com\/index.php?rest_route=\/wp\/v2\/posts"}],"about":[{"href":"https:\/\/2horizontes.com\/index.php?rest_route=\/wp\/v2\/types\/post"}],"author":[{"embeddable":true,"href":"https:\/\/2horizontes.com\/index.php?rest_route=\/wp\/v2\/users\/8"}],"replies":[{"embeddable":true,"href":"https:\/\/2horizontes.com\/index.php?rest_route=%2Fwp%2Fv2%2Fcomments&post=36681"}],"version-history":[{"count":1,"href":"https:\/\/2horizontes.com\/index.php?rest_route=\/wp\/v2\/posts\/36681\/revisions"}],"predecessor-version":[{"id":36683,"href":"https:\/\/2horizontes.com\/index.php?rest_route=\/wp\/v2\/posts\/36681\/revisions\/36683"}],"wp:featuredmedia":[{"embeddable":true,"href":"https:\/\/2horizontes.com\/index.php?rest_route=\/wp\/v2\/media\/36682"}],"wp:attachment":[{"href":"https:\/\/2horizontes.com\/index.php?rest_route=%2Fwp%2Fv2%2Fmedia&parent=36681"}],"wp:term":[{"taxonomy":"category","embeddable":true,"href":"https:\/\/2horizontes.com\/index.php?rest_route=%2Fwp%2Fv2%2Fcategories&post=36681"},{"taxonomy":"post_tag","embeddable":true,"href":"https:\/\/2horizontes.com\/index.php?rest_route=%2Fwp%2Fv2%2Ftags&post=36681"}],"curies":[{"name":"wp","href":"https:\/\/api.w.org\/{rel}","templated":true}]}}