{"id":36640,"date":"2015-12-18T17:33:30","date_gmt":"2015-12-18T16:33:30","guid":{"rendered":"http:\/\/2horizontes.com\/?p=36640"},"modified":"2015-12-18T17:33:30","modified_gmt":"2015-12-18T16:33:30","slug":"participacion-ciudadana-afirma-rd-termina-2015-con-gran-retroceso-institucional","status":"publish","type":"post","link":"https:\/\/2horizontes.com\/?p=36640","title":{"rendered":"Participacion Ciudadana  afirma RD termina 2015 con gran retroceso institucional"},"content":{"rendered":"<p class=\"DETALLE_N_titulo \">RD- SANTO DOMINGO-(EFE).- La organizaci\u00f3n Participaci\u00f3n Ciudadana (PC) se\u00f1al\u00f3 hoy que el pa\u00eds termina este a\u00f1o con un \u201cinmenso\u201d retroceso institucional debido, se\u00f1al\u00f3, al \u201cnotable\u201d deterioro de la democracia interna de los partidos, la imposici\u00f3n de la reelecci\u00f3n presidencial y la crisis en la Justifica.<\/p>\n<div id=\"texto\" class=\"texto_txt\">\n<div class=\"DETALLE_N_texto \">\n<p><span id=\"ctl14_lblMostra\">En un extenso informe sobre la evoluci\u00f3n pol\u00edtica, judicial y social del pa\u00eds este 2015, PC se\u00f1al\u00f3 que este a\u00f1o registr\u00f3 un inmenso deterioro en la democracia interna de los partidos pol\u00edticos que, en su mayor\u00eda, \u201chan escogido candidatos para las elecciones generales de 2016 sin observar los preceptos consagrados en la Constituci\u00f3n, la Ley Electoral y sus propios estatutos\u201d.<\/span><\/p>\n<p>Tambi\u00e9n contribuy\u00f3 al deterioro institucional, apunt\u00f3, el inter\u00e9s reeleccionista de Danilo Medina que, seg\u00fan PC, \u201cdobleg\u00f3 el Poder Legislativo\u201d, mientras que el Judicial \u201centr\u00f3 en una crisis tan profunda que se ha llegado a definir como un colapso\u201d.<\/p>\n<p>\u201cFaltando a sus compromisos de campa\u00f1a electoral y a numerosas declaraciones desde el gobierno, sobre los males que conlleva la reelecci\u00f3n presidencial en un pa\u00eds de instituciones tan d\u00e9biles, Medina desat\u00f3 una crisis en su propio partido y us\u00f3 el poder del Estado para doblegar a bloques enteros de legisladores, incluyendo hasta a algunos que poco antes adjuraban del continuismo\u201d, se\u00f1al\u00f3.<\/p>\n<p>Esta situaci\u00f3n, subray\u00f3, dej\u00f3 \u201cuna estela de conjeturas sobre compra de conciencias y estimulando la descomposici\u00f3n del sistema partidista\u201d.<\/p>\n<p>A la vez, la corrupci\u00f3n y la descomposici\u00f3n se expandieron por todo el cuerpo social de la naci\u00f3n, con m\u00faltiples esc\u00e1ndalos de corrupci\u00f3n, como el destape de una red de extorsi\u00f3n en la asignaci\u00f3n y cubicaci\u00f3n de obras en la Oficina de Ingenieros Supervisora de Obras del Estado (Oisoe), detonada por el suicidio de una de sus v\u00edctimas.<\/p>\n<p>Asimismo, el pa\u00eds fue testigo este a\u00f1o de la denuncia de una banda integrada por jueces, exjueces y empleados que, seg\u00fan el procurador general, Francisco Dom\u00ednguez Brito, traficaba sentencias en materias tan graves como narcotr\u00e1fico, estafas y asesinatos, salpicando a los m\u00e1s altos funcionarios judiciales.<\/p>\n<p>El propio Ministerio P\u00fablico fue blanco de denuncias sobre extorsiones, precis\u00f3 PC en su informe.<\/p>\n<p>Como agravante de la corrupci\u00f3n, dijo, \u201cqueda la impunidad prevaleciente ante m\u00faltiples denuncias de corrupci\u00f3n\u201d, siendo el caso m\u00e1s relevante el del senador F\u00e9lix Bautista, secretario de organizaci\u00f3n del PLD, acusado de graves irregularidades que incluyen lavado de activos en manejo de m\u00e1s de 26 mil millones de pesos.<\/p>\n<p>Sin embargo, se\u00f1al\u00f3, que \u201cuna justicia demostradamente partidarizada se neg\u00f3 a someter a juicio (a Bautista) a pesar de un escandaloso expediente\u201d elaborado por la Procuradur\u00eda General, cuyo titular, sin embargo, \u201cse neg\u00f3 luego a llevarlo hasta las \u00faltimas consecuencias en lo que pareci\u00f3 un pago pol\u00edtico por contribuciones al acuerdo entre partidarios que abri\u00f3 paso a la reforma constitucional, apenas cinco a\u00f1os despu\u00e9s de haber sido prohibida por los mismos actores pol\u00edticos\u201d.<\/p>\n<p>Lo m\u00e1s positivo del a\u00f1o, apunt\u00f3 la organizaci\u00f3n de la sociedad civil, ha sido el comportamiento macroecon\u00f3mico, con un crecimiento muy por encima del promedio regional, con bajas tasas de inflaci\u00f3n y devaluaci\u00f3n, as\u00ed como relativa reducci\u00f3n del d\u00e9ficit en el intercambio comercial, pero a costa de nuevos d\u00e9ficits fiscales acumulados y un endeudamiento que para el pr\u00f3ximo a\u00f1o el presupuesto proyecta sobre cinco mil millones de d\u00f3lares.<\/p>\n<p>PC reconoci\u00f3 los esfuerzos del gobierno por cumplir la Ley de Educaci\u00f3n con la inversi\u00f3n en ese sector del 4 por ciento del Producto Interno Bruto (PIB), aunque muy concentrado en edificaciones.<\/p>\n<p>Tambi\u00e9n los avances para establecer la cuenta \u00fanica del tesoro nacional, los esfuerzos de la direcci\u00f3n de compras y contrataciones por mejorar la transparencia y limpieza en los contratos p\u00fablicos, las auditor\u00edas de la C\u00e1mara de Cuentas y un inter\u00e9s por mejorar los servicios de salud de la seguridad social.EFE<\/p>\n<\/div>\n<\/div>\n","protected":false},"excerpt":{"rendered":"<p>RD- SANTO DOMINGO-(EFE).- La organizaci\u00f3n Participaci\u00f3n Ciudadana (PC) se\u00f1al\u00f3 hoy que el pa\u00eds termina este a\u00f1o con un \u201cinmenso\u201d retroceso institucional debido, se\u00f1al\u00f3, al \u201cnotable\u201d deterioro de la democracia interna de los partidos, la imposici\u00f3n de la reelecci\u00f3n presidencial y la crisis en la Justifica. En un extenso informe sobre la evoluci\u00f3n pol\u00edtica, judicial y [&hellip;]<\/p>\n","protected":false},"author":8,"featured_media":36641,"comment_status":"open","ping_status":"open","sticky":false,"template":"","format":"standard","meta":{"footnotes":""},"categories":[44],"tags":[],"class_list":["post-36640","post","type-post","status-publish","format-standard","has-post-thumbnail","hentry","category-republica-dominicana"],"_links":{"self":[{"href":"https:\/\/2horizontes.com\/index.php?rest_route=\/wp\/v2\/posts\/36640","targetHints":{"allow":["GET"]}}],"collection":[{"href":"https:\/\/2horizontes.com\/index.php?rest_route=\/wp\/v2\/posts"}],"about":[{"href":"https:\/\/2horizontes.com\/index.php?rest_route=\/wp\/v2\/types\/post"}],"author":[{"embeddable":true,"href":"https:\/\/2horizontes.com\/index.php?rest_route=\/wp\/v2\/users\/8"}],"replies":[{"embeddable":true,"href":"https:\/\/2horizontes.com\/index.php?rest_route=%2Fwp%2Fv2%2Fcomments&post=36640"}],"version-history":[{"count":1,"href":"https:\/\/2horizontes.com\/index.php?rest_route=\/wp\/v2\/posts\/36640\/revisions"}],"predecessor-version":[{"id":36642,"href":"https:\/\/2horizontes.com\/index.php?rest_route=\/wp\/v2\/posts\/36640\/revisions\/36642"}],"wp:featuredmedia":[{"embeddable":true,"href":"https:\/\/2horizontes.com\/index.php?rest_route=\/wp\/v2\/media\/36641"}],"wp:attachment":[{"href":"https:\/\/2horizontes.com\/index.php?rest_route=%2Fwp%2Fv2%2Fmedia&parent=36640"}],"wp:term":[{"taxonomy":"category","embeddable":true,"href":"https:\/\/2horizontes.com\/index.php?rest_route=%2Fwp%2Fv2%2Fcategories&post=36640"},{"taxonomy":"post_tag","embeddable":true,"href":"https:\/\/2horizontes.com\/index.php?rest_route=%2Fwp%2Fv2%2Ftags&post=36640"}],"curies":[{"name":"wp","href":"https:\/\/api.w.org\/{rel}","templated":true}]}}