{"id":36637,"date":"2015-12-18T17:24:51","date_gmt":"2015-12-18T16:24:51","guid":{"rendered":"http:\/\/2horizontes.com\/?p=36637"},"modified":"2015-12-18T17:24:51","modified_gmt":"2015-12-18T16:24:51","slug":"luis-abinader-dice-calidad-de-vida-de-los-dominicanos-retrocedio-en-el-2015-rd","status":"publish","type":"post","link":"https:\/\/2horizontes.com\/?p=36637","title":{"rendered":"Luis Abinader dice calidad de vida de los dominicanos retrocedi\u00f3 en el 2015 RD"},"content":{"rendered":"<p>RD-SANTIAGO- La calidad de vida de los dominicanos retrocedi\u00f3 en 2015, seg\u00fan el candidato presidencial por el Partido Revolucionario Moderno (PRM), Luis Abinader.<\/p>\n<p>Consider\u00f3, asimismo, que las pol\u00edticas p\u00fablicas del gobierno de Danilo Medina han fracasado, especialmente en temas \u201cmuy sensibles\u201d para el pueblo, como el alto costo de la vida, la corrupci\u00f3n administrativa y la seguridad ciudadana.<\/p>\n<p>En ese sentido, cit\u00f3 los hechos violentos durante la celebraci\u00f3n, el pasado domingo, de las primarias del Partido de la Liberaci\u00f3n Dominicana (PLD), en los cuales murieron dos personas.<\/p>\n<p>\u201cEs una pena que eso pase en nuestro pa\u00eds. Por eso yo creo que este modelo que est\u00e1 llevando el Gobierno en materia de violencia y delincuencia debe cambiar\u201d, expres\u00f3.<\/p>\n<p>Pidi\u00f3 la uni\u00f3n de la sociedad dominicana para combatir la delincuencia y la violencia que afecta gran parte del territorio nacional.<\/p>\n<p>Propuso tambi\u00e9n que sea estudiada la ley del porte y tenencia de armas de fuego, para evitar tragedias como la del asesinato del alcalde de Santo Domingo Este, Juan de los Santos.<\/p>\n<p>Abinader habl\u00f3 durante una cena con una familia de escasos recursos del sector Cienfuegos, de aqu\u00ed.<\/p>\n","protected":false},"excerpt":{"rendered":"<p>RD-SANTIAGO- La calidad de vida de los dominicanos retrocedi\u00f3 en 2015, seg\u00fan el candidato presidencial por el Partido Revolucionario Moderno (PRM), Luis Abinader. Consider\u00f3, asimismo, que las pol\u00edticas p\u00fablicas del gobierno de Danilo Medina han fracasado, especialmente en temas \u201cmuy sensibles\u201d para el pueblo, como el alto costo de la vida, la corrupci\u00f3n administrativa y [&hellip;]<\/p>\n","protected":false},"author":8,"featured_media":36638,"comment_status":"open","ping_status":"open","sticky":false,"template":"","format":"standard","meta":{"footnotes":""},"categories":[63,43,53,44],"tags":[],"class_list":["post-36637","post","type-post","status-publish","format-standard","has-post-thumbnail","hentry","category-economia","category-politica","category-provincias","category-republica-dominicana"],"_links":{"self":[{"href":"https:\/\/2horizontes.com\/index.php?rest_route=\/wp\/v2\/posts\/36637","targetHints":{"allow":["GET"]}}],"collection":[{"href":"https:\/\/2horizontes.com\/index.php?rest_route=\/wp\/v2\/posts"}],"about":[{"href":"https:\/\/2horizontes.com\/index.php?rest_route=\/wp\/v2\/types\/post"}],"author":[{"embeddable":true,"href":"https:\/\/2horizontes.com\/index.php?rest_route=\/wp\/v2\/users\/8"}],"replies":[{"embeddable":true,"href":"https:\/\/2horizontes.com\/index.php?rest_route=%2Fwp%2Fv2%2Fcomments&post=36637"}],"version-history":[{"count":1,"href":"https:\/\/2horizontes.com\/index.php?rest_route=\/wp\/v2\/posts\/36637\/revisions"}],"predecessor-version":[{"id":36639,"href":"https:\/\/2horizontes.com\/index.php?rest_route=\/wp\/v2\/posts\/36637\/revisions\/36639"}],"wp:featuredmedia":[{"embeddable":true,"href":"https:\/\/2horizontes.com\/index.php?rest_route=\/wp\/v2\/media\/36638"}],"wp:attachment":[{"href":"https:\/\/2horizontes.com\/index.php?rest_route=%2Fwp%2Fv2%2Fmedia&parent=36637"}],"wp:term":[{"taxonomy":"category","embeddable":true,"href":"https:\/\/2horizontes.com\/index.php?rest_route=%2Fwp%2Fv2%2Fcategories&post=36637"},{"taxonomy":"post_tag","embeddable":true,"href":"https:\/\/2horizontes.com\/index.php?rest_route=%2Fwp%2Fv2%2Ftags&post=36637"}],"curies":[{"name":"wp","href":"https:\/\/api.w.org\/{rel}","templated":true}]}}