{"id":36629,"date":"2015-12-18T15:16:50","date_gmt":"2015-12-18T14:16:50","guid":{"rendered":"http:\/\/2horizontes.com\/?p=36629"},"modified":"2015-12-18T15:16:50","modified_gmt":"2015-12-18T14:16:50","slug":"cae-una-red-de-robo-de-cable-de-cobre-en-instalaciones-ferroviarias","status":"publish","type":"post","link":"https:\/\/2horizontes.com\/?p=36629","title":{"rendered":"Cae una red de robo de cable de cobre en instalaciones ferroviarias"},"content":{"rendered":"<p>La Polic\u00eda ha desarticulado un grupo dedicado al robo de cable de cobre en subestaciones el\u00e9ctricas e instalaciones ferroviarias de ADIF, y otra red especializada en el robo de metales en naves industriales, operaciones que se han saldado con la detenci\u00f3n de 13 personas.<\/p>\n<p>A los detenidos se les imputan 15 robos en infraestructuras ferroviarias y otros nueve perpetrados en naves industriales, fincas e instalaciones de regad\u00edo y bombeo de agua, seg\u00fan un comunicado de la Polic\u00eda.<\/p>\n<p>Ambas operaciones se enmarcan en el Plan permanente de Respuesta a las Actividades il\u00edcitas relacionadas con el cobre.<\/p>\n<p>Adem\u00e1s de las detenciones se han practicado registros en dos domicilios y un centro de reciclaje, detalles que explicar\u00e1n este mediod\u00eda en rueda de prensa en Madrid el director general de la Polic\u00eda, Ignacio Cosid\u00f3, y responsables de la investigaci\u00f3n.<\/p>\n","protected":false},"excerpt":{"rendered":"<p>La Polic\u00eda ha desarticulado un grupo dedicado al robo de cable de cobre en subestaciones el\u00e9ctricas e instalaciones ferroviarias de ADIF, y otra red especializada en el robo de metales en naves industriales, operaciones que se han saldado con la detenci\u00f3n de 13 personas. A los detenidos se les imputan 15 robos en infraestructuras ferroviarias [&hellip;]<\/p>\n","protected":false},"author":3,"featured_media":36630,"comment_status":"open","ping_status":"open","sticky":false,"template":"","format":"standard","meta":{"footnotes":""},"categories":[85],"tags":[],"class_list":["post-36629","post","type-post","status-publish","format-standard","has-post-thumbnail","hentry","category-espana"],"_links":{"self":[{"href":"https:\/\/2horizontes.com\/index.php?rest_route=\/wp\/v2\/posts\/36629","targetHints":{"allow":["GET"]}}],"collection":[{"href":"https:\/\/2horizontes.com\/index.php?rest_route=\/wp\/v2\/posts"}],"about":[{"href":"https:\/\/2horizontes.com\/index.php?rest_route=\/wp\/v2\/types\/post"}],"author":[{"embeddable":true,"href":"https:\/\/2horizontes.com\/index.php?rest_route=\/wp\/v2\/users\/3"}],"replies":[{"embeddable":true,"href":"https:\/\/2horizontes.com\/index.php?rest_route=%2Fwp%2Fv2%2Fcomments&post=36629"}],"version-history":[{"count":1,"href":"https:\/\/2horizontes.com\/index.php?rest_route=\/wp\/v2\/posts\/36629\/revisions"}],"predecessor-version":[{"id":36631,"href":"https:\/\/2horizontes.com\/index.php?rest_route=\/wp\/v2\/posts\/36629\/revisions\/36631"}],"wp:featuredmedia":[{"embeddable":true,"href":"https:\/\/2horizontes.com\/index.php?rest_route=\/wp\/v2\/media\/36630"}],"wp:attachment":[{"href":"https:\/\/2horizontes.com\/index.php?rest_route=%2Fwp%2Fv2%2Fmedia&parent=36629"}],"wp:term":[{"taxonomy":"category","embeddable":true,"href":"https:\/\/2horizontes.com\/index.php?rest_route=%2Fwp%2Fv2%2Fcategories&post=36629"},{"taxonomy":"post_tag","embeddable":true,"href":"https:\/\/2horizontes.com\/index.php?rest_route=%2Fwp%2Fv2%2Ftags&post=36629"}],"curies":[{"name":"wp","href":"https:\/\/api.w.org\/{rel}","templated":true}]}}