{"id":36597,"date":"2015-12-18T12:56:19","date_gmt":"2015-12-18T11:56:19","guid":{"rendered":"http:\/\/2horizontes.com\/?p=36597"},"modified":"2015-12-18T12:56:19","modified_gmt":"2015-12-18T11:56:19","slug":"entregan-en-colombia-restos-de-29-desaparecidos-a-sus-familias","status":"publish","type":"post","link":"https:\/\/2horizontes.com\/?p=36597","title":{"rendered":"Entregan en Colombia restos de 29 desaparecidos a sus familias"},"content":{"rendered":"<div id=\"ArticleAuthorDiv\" class=\"article-body-author\"><b>AFP<\/b><\/div>\n<div id=\"ArticleSourceDiv\" class=\"article-body-author\"><b>VILLAVICENCIO, Colombia<\/b><\/div>\n<div id=\"ArticleBody\">\n<p>En peque\u00f1os ata\u00fades marrones, los restos de 29 desaparecidos durante el conflicto armado en Colombia fueron entregados ayer a sus familiares, tras un acuerdo humanitario entre el gobierno y la guerrilla FARC en el proceso de paz en Cuba.<\/p>\n<p>Velas, fotos y rosas blancas, amarillas y rojas, abundaban en la ceremonia que transcurri\u00f3 a las afueras de la ciudad de Villavicencio (centro), donde reposaban las 29 cajas mortuorias con los nombres respectivos.<\/p>\n<p>Sus cuerpos, identificados por la Fiscal\u00eda, hab\u00edan sido sepultados en fosas comunes de cinco cementerios de los departamentos del Meta y Guaviare, ambos zonas de influencia de las Fuerzas Armadas Revolucionarias de Colombia (FARC, comunistas).<\/p>\n<p>Jos\u00e9 Manuel Calder\u00f3n, campesino de 60 a\u00f1os, acudi\u00f3 a la ceremonia con ansias: finalmente recibi\u00f3 los huesos de su hijo, reclutado forzosamente a los 11 a\u00f1os por las FARC, y a quien no volvi\u00f3 a ver hace m\u00e1s de una d\u00e9cada. La \u00fanica foto de un ni\u00f1o junto a la seguidilla de ata\u00fades era suya.<\/p>\n<p>\u00abUno siente alegr\u00eda pero tambi\u00e9n mucho p\u00e9same por no haberlo visto antes. Volver a saber de \u00e9l en estas condiciones es duro\u00bb, dijo a la AFP este desplazado por la violencia, cuyo hermano muri\u00f3 a manos de las FARC, principal grupo insurgente del pa\u00eds.<\/p>\n<p>En los cementerios de esta zona han sido inhumados como \u00abN.N.\u00bb (cuerpos no identificados) miembros de las FARC, pero tambi\u00e9n civiles ejecutados extrajudicialmente y reportados por los militares como guerrilleros muertos en combate con el fin de obtener beneficios dentro de las fuerzas armadas.<\/p>\n<p>\u00abQue no nos salgan con el cuento de que nuestros esposos fueron guerrilleros o paramilitares porque mi esposo era un chofer de servicio p\u00fablico\u00bb, asever\u00f3 por su parte Dora Gonz\u00e1lez, 60 a\u00f1os, quien recibi\u00f3 este jueves a su marido muerto. Soldados se lo llevaron en 2006, \u00able pegaron un tiro en la cabeza y lo enterraron con otros dos\u00bb en el camposanto de Vistahermosa, Meta, se\u00f1al\u00f3 adolorida.<\/p>\n<p>Las ejecuciones extrajudiciales a manos del Ej\u00e9rcito colombiano ascienden a 4.000 en la d\u00e9cada del 2000, seg\u00fan la organizaci\u00f3n de derechos humanos Human Rights Watch, con sede en Nueva York.<\/p>\n<p><strong>&#8211; Primera Ceremonia &#8211;<\/strong><\/p>\n<p>Unas 700 personas, entre familiares, funcionarios y defensores de derechos humanos, se congregaron en la primera ceremonia de entrega de restos de desaparecidos de tal magnitud, en m\u00e1s de 50 a\u00f1os de conflicto armado. Tambi\u00e9n es la primera despu\u00e9s de que, en octubre, las FARC y el gobierno colombiano, que sostienen negociaciones de paz en Cuba, alcanzaran un acuerdo humanitario sobre desaparecidos.<\/p>\n<p>Hist\u00f3ricamente, varios municipios del Meta, en los Llanos Orientales, han tenido presencia de las FARC, que cuentan con unos 7.000 combatientes seg\u00fan cifras oficiales.<\/p>\n<p>El Guaviare, tambi\u00e9n bajo influencia del grupo rebelde, es una regi\u00f3n productora de hoja de coca de Colombia principal proveedor mundial de coca\u00edna.<\/p>\n<p>La conflagraci\u00f3n interna en el pa\u00eds ha dejado al menos 220.000 muertos, y en ella han participado guerrillas de izquierda, paramilitares de derecha y fuerzas militares.<\/p>\n<p><strong>&#8211; Acuerdo humanitario &#8211;<\/strong><\/p>\n<p>El acuerdo de octubre -que establec\u00eda \u00abmedidas inmediatas humanitarias de b\u00fasqueda, ubicaci\u00f3n, identificaci\u00f3n y entrega digna de restos\u00bb de desaparecidos- permiti\u00f3 \u00abagilizar\u00bb estos procesos, e hizo posible el evento de este jueves, declar\u00f3 a periodistas el delegado gubernamental en el proceso de paz, Sergio Jaramillo.<\/p>\n<p>\u00abEsta ceremonia es una muestra de que se est\u00e1 terminando el conflicto y cuando se termina una guerra, el primer deber que tenemos es de entregarle a las familias sus seres queridos, no importa por qu\u00e9 raz\u00f3n hayan muerto\u00bb, agreg\u00f3 Jaramillo.<\/p>\n<p>Por su parte, el vicefiscal general, Jorge Perdomo, afirm\u00f3 que en ese marco, su entidad tiene un plan para intervenir otros 25 cementerios, ubicados principalmente en el Meta y el Huila, y prepara una ceremonia similar de entrega de huesos, a comienzos de 2016.<\/p>\n<p>Seg\u00fan Pablo Cala, del colectivo Orlando Fals Borda, que acompa\u00f1a a las v\u00edctimas, cinco cementerios de los Llanos orientales concentran el 15% de las m\u00e1s de 20.000 personas inhumadas como NN en toda Colombia.<\/p>\n<p>Aunque no hay consenso sobre la cifra de desaparecidos en Colombia, se estima que \u00e9sta puede alcanzar hasta 100.000 personas, juntando estimaciones del gobierno y de organizaciones de derechos humanos.<\/p>\n<p>Muchas v\u00edctimas pueden reposar en fosas comunes de grupos armados ilegales en lugares remotos, o en otras usadas por las propias fuerzas militares, entre 1.435 cementerios.<\/p>\n<p>En mayo, el presidente Juan Manuel Santos orden\u00f3 identificar a guerrilleros ca\u00eddos en enfrentamientos antes de enterrarlos, poniendo fin a una pr\u00e1ctica de d\u00e9cadas.<\/p>\n<p>Tras recibir los f\u00e9retros este jueves, nueve familias decidieron enterrar lo que quedaba de sus parientes en el camposanto central de Villavicencio. Sus nombres en las b\u00f3vedas quedaron grabados con marcador. Pero al menos, ten\u00edan nombre.<\/p>\n<\/div>\n","protected":false},"excerpt":{"rendered":"<p>AFP VILLAVICENCIO, Colombia En peque\u00f1os ata\u00fades marrones, los restos de 29 desaparecidos durante el conflicto armado en Colombia fueron entregados ayer a sus familiares, tras un acuerdo humanitario entre el gobierno y la guerrilla FARC en el proceso de paz en Cuba. Velas, fotos y rosas blancas, amarillas y rojas, abundaban en la ceremonia que [&hellip;]<\/p>\n","protected":false},"author":7,"featured_media":36598,"comment_status":"open","ping_status":"open","sticky":false,"template":"","format":"standard","meta":{"footnotes":""},"categories":[50,40],"tags":[],"class_list":["post-36597","post","type-post","status-publish","format-standard","has-post-thumbnail","hentry","category-colombia","category-internacionales"],"_links":{"self":[{"href":"https:\/\/2horizontes.com\/index.php?rest_route=\/wp\/v2\/posts\/36597","targetHints":{"allow":["GET"]}}],"collection":[{"href":"https:\/\/2horizontes.com\/index.php?rest_route=\/wp\/v2\/posts"}],"about":[{"href":"https:\/\/2horizontes.com\/index.php?rest_route=\/wp\/v2\/types\/post"}],"author":[{"embeddable":true,"href":"https:\/\/2horizontes.com\/index.php?rest_route=\/wp\/v2\/users\/7"}],"replies":[{"embeddable":true,"href":"https:\/\/2horizontes.com\/index.php?rest_route=%2Fwp%2Fv2%2Fcomments&post=36597"}],"version-history":[{"count":1,"href":"https:\/\/2horizontes.com\/index.php?rest_route=\/wp\/v2\/posts\/36597\/revisions"}],"predecessor-version":[{"id":36599,"href":"https:\/\/2horizontes.com\/index.php?rest_route=\/wp\/v2\/posts\/36597\/revisions\/36599"}],"wp:featuredmedia":[{"embeddable":true,"href":"https:\/\/2horizontes.com\/index.php?rest_route=\/wp\/v2\/media\/36598"}],"wp:attachment":[{"href":"https:\/\/2horizontes.com\/index.php?rest_route=%2Fwp%2Fv2%2Fmedia&parent=36597"}],"wp:term":[{"taxonomy":"category","embeddable":true,"href":"https:\/\/2horizontes.com\/index.php?rest_route=%2Fwp%2Fv2%2Fcategories&post=36597"},{"taxonomy":"post_tag","embeddable":true,"href":"https:\/\/2horizontes.com\/index.php?rest_route=%2Fwp%2Fv2%2Ftags&post=36597"}],"curies":[{"name":"wp","href":"https:\/\/api.w.org\/{rel}","templated":true}]}}