{"id":36561,"date":"2015-12-17T20:39:50","date_gmt":"2015-12-17T19:39:50","guid":{"rendered":"http:\/\/2horizontes.com\/?p=36561"},"modified":"2015-12-17T20:39:50","modified_gmt":"2015-12-17T19:39:50","slug":"designan-nueva-directora-de-proconsumidor-rd","status":"publish","type":"post","link":"https:\/\/2horizontes.com\/?p=36561","title":{"rendered":"Designan nueva directora de Proconsumidor RD"},"content":{"rendered":"<p>RD- SANTO DOMINGO-El presidente Danilo Medina design\u00f3 este jueves, \u00a0mediante el decreto 385-15,\u00a0\u00a0a una nueva directora del Instituto Nacional de Protecci\u00f3n de los Derechos del Consumidor- Proconsumidor.<\/p>\n<p>La nueva directora de la instituci\u00f3n es Anina Marcelina del Castillo, quien sustituye en el cargo a Altagracia Paulino, quien ocup\u00f3 esa funci\u00f3n durante seis a\u00f1os.<\/p>\n<p>El decreto tambi\u00e9n designa a Paulino como asesora del Poder Ejecutivo en materia de Derecho del Consumidor.<\/p>\n<p>A principio de octubre, Paulino inform\u00f3 que su tiempo al frente de la instituci\u00f3n conclu\u00eda el 24\u00a0 de ese mes.<\/p>\n<p>&nbsp;<\/p>\n","protected":false},"excerpt":{"rendered":"<p>RD- SANTO DOMINGO-El presidente Danilo Medina design\u00f3 este jueves, \u00a0mediante el decreto 385-15,\u00a0\u00a0a una nueva directora del Instituto Nacional de Protecci\u00f3n de los Derechos del Consumidor- Proconsumidor. La nueva directora de la instituci\u00f3n es Anina Marcelina del Castillo, quien sustituye en el cargo a Altagracia Paulino, quien ocup\u00f3 esa funci\u00f3n durante seis a\u00f1os. El decreto [&hellip;]<\/p>\n","protected":false},"author":8,"featured_media":36562,"comment_status":"open","ping_status":"open","sticky":false,"template":"","format":"standard","meta":{"footnotes":""},"categories":[44],"tags":[],"class_list":["post-36561","post","type-post","status-publish","format-standard","has-post-thumbnail","hentry","category-republica-dominicana"],"_links":{"self":[{"href":"https:\/\/2horizontes.com\/index.php?rest_route=\/wp\/v2\/posts\/36561","targetHints":{"allow":["GET"]}}],"collection":[{"href":"https:\/\/2horizontes.com\/index.php?rest_route=\/wp\/v2\/posts"}],"about":[{"href":"https:\/\/2horizontes.com\/index.php?rest_route=\/wp\/v2\/types\/post"}],"author":[{"embeddable":true,"href":"https:\/\/2horizontes.com\/index.php?rest_route=\/wp\/v2\/users\/8"}],"replies":[{"embeddable":true,"href":"https:\/\/2horizontes.com\/index.php?rest_route=%2Fwp%2Fv2%2Fcomments&post=36561"}],"version-history":[{"count":1,"href":"https:\/\/2horizontes.com\/index.php?rest_route=\/wp\/v2\/posts\/36561\/revisions"}],"predecessor-version":[{"id":36563,"href":"https:\/\/2horizontes.com\/index.php?rest_route=\/wp\/v2\/posts\/36561\/revisions\/36563"}],"wp:featuredmedia":[{"embeddable":true,"href":"https:\/\/2horizontes.com\/index.php?rest_route=\/wp\/v2\/media\/36562"}],"wp:attachment":[{"href":"https:\/\/2horizontes.com\/index.php?rest_route=%2Fwp%2Fv2%2Fmedia&parent=36561"}],"wp:term":[{"taxonomy":"category","embeddable":true,"href":"https:\/\/2horizontes.com\/index.php?rest_route=%2Fwp%2Fv2%2Fcategories&post=36561"},{"taxonomy":"post_tag","embeddable":true,"href":"https:\/\/2horizontes.com\/index.php?rest_route=%2Fwp%2Fv2%2Ftags&post=36561"}],"curies":[{"name":"wp","href":"https:\/\/api.w.org\/{rel}","templated":true}]}}