{"id":36559,"date":"2015-12-17T20:35:57","date_gmt":"2015-12-17T19:35:57","guid":{"rendered":"http:\/\/2horizontes.com\/?p=36559"},"modified":"2015-12-17T20:35:57","modified_gmt":"2015-12-17T19:35:57","slug":"matan-comerciante-en-los-guandules-para-robarle-rd","status":"publish","type":"post","link":"https:\/\/2horizontes.com\/?p=36559","title":{"rendered":"Matan comerciante en Los Guandules para robarle RD"},"content":{"rendered":"<p>RD- LOS GUANDULES-Un comerciante fue ultimado a tiros este jueves a manos de tres supuestos delincuentes en el sector Los Guandules, del Distrito Nacional.<\/p>\n<p>Los familiares de Juli\u00e1n Santana Figuereo manifestaron consternaci\u00f3n y dolor por la muerte de su pariente ocurrida en horas de la ma\u00f1ana cuando se dispon\u00eda a abrir un colmado de su propiedad ubicado escasa distancia de su residencia, en la calle Santa Rita del mismo sector.<\/p>\n<p>Esta situaci\u00f3n mantiene indignados a los vecinos quienes entienden que la delincuencia \u201cha arropado\u201d al pa\u00eds.<\/p>\n<p>\u201cUn hombre intachable para esos delincuentes quitarle la vida, se\u00f1ores si es as\u00ed, \u00bfqu\u00e9 es lo que vamos a hacer en esta vida? Hoy se la quitaron a \u00e9l, ma\u00f1ana se la quitan a otro\u201d, dec\u00eda entre l\u00e1grimas una dama que no fue identificada.<\/p>\n<p>Santana Figuereo llevaba 20 a\u00f1os bajo la administraci\u00f3n del colmado \u201cSeri 11\u201d, donde se ganaba el sustento para mantener a sus cinco hijos.<\/p>\n<p>Fue definido como un hombre trabajador y tranquilo, \u201cque no se met\u00eda con nadie\u201d.<\/p>\n<p>Tras cometer el hecho, los delincuentes cargaron con el arma que portaba el comerciante.<\/p>\n<p>Los vecinos de Santana Figuereo entienden que si la comunidad no reacciona por s\u00ed misma, se van a van a matar a todos los residentes en ese lugar debido a que como seg\u00fan dijeron, la delincuencia se ha apoderado del sector.<\/p>\n<p>\u201cLe hago un llamado a toda la Polic\u00eda Nacional para que detengan esto porque anoche, al lado de mi casa tambi\u00e9n rompieron una casa, nadie sali\u00f3 porque tenemos miedo a salir porque nos matan\u201d, dijo una vecina de la v\u00edctima.<\/p>\n<p>&nbsp;<\/p>\n","protected":false},"excerpt":{"rendered":"<p>RD- LOS GUANDULES-Un comerciante fue ultimado a tiros este jueves a manos de tres supuestos delincuentes en el sector Los Guandules, del Distrito Nacional. Los familiares de Juli\u00e1n Santana Figuereo manifestaron consternaci\u00f3n y dolor por la muerte de su pariente ocurrida en horas de la ma\u00f1ana cuando se dispon\u00eda a abrir un colmado de su [&hellip;]<\/p>\n","protected":false},"author":8,"featured_media":27150,"comment_status":"open","ping_status":"open","sticky":false,"template":"","format":"standard","meta":{"footnotes":""},"categories":[44],"tags":[],"class_list":["post-36559","post","type-post","status-publish","format-standard","has-post-thumbnail","hentry","category-republica-dominicana"],"_links":{"self":[{"href":"https:\/\/2horizontes.com\/index.php?rest_route=\/wp\/v2\/posts\/36559","targetHints":{"allow":["GET"]}}],"collection":[{"href":"https:\/\/2horizontes.com\/index.php?rest_route=\/wp\/v2\/posts"}],"about":[{"href":"https:\/\/2horizontes.com\/index.php?rest_route=\/wp\/v2\/types\/post"}],"author":[{"embeddable":true,"href":"https:\/\/2horizontes.com\/index.php?rest_route=\/wp\/v2\/users\/8"}],"replies":[{"embeddable":true,"href":"https:\/\/2horizontes.com\/index.php?rest_route=%2Fwp%2Fv2%2Fcomments&post=36559"}],"version-history":[{"count":1,"href":"https:\/\/2horizontes.com\/index.php?rest_route=\/wp\/v2\/posts\/36559\/revisions"}],"predecessor-version":[{"id":36560,"href":"https:\/\/2horizontes.com\/index.php?rest_route=\/wp\/v2\/posts\/36559\/revisions\/36560"}],"wp:featuredmedia":[{"embeddable":true,"href":"https:\/\/2horizontes.com\/index.php?rest_route=\/wp\/v2\/media\/27150"}],"wp:attachment":[{"href":"https:\/\/2horizontes.com\/index.php?rest_route=%2Fwp%2Fv2%2Fmedia&parent=36559"}],"wp:term":[{"taxonomy":"category","embeddable":true,"href":"https:\/\/2horizontes.com\/index.php?rest_route=%2Fwp%2Fv2%2Fcategories&post=36559"},{"taxonomy":"post_tag","embeddable":true,"href":"https:\/\/2horizontes.com\/index.php?rest_route=%2Fwp%2Fv2%2Ftags&post=36559"}],"curies":[{"name":"wp","href":"https:\/\/api.w.org\/{rel}","templated":true}]}}