{"id":36547,"date":"2015-12-17T19:38:57","date_gmt":"2015-12-17T18:38:57","guid":{"rendered":"http:\/\/2horizontes.com\/?p=36547"},"modified":"2015-12-17T19:38:57","modified_gmt":"2015-12-17T18:38:57","slug":"se-graduan-292-miembros-de-la-comision-militar-y-policial-de-obras-publicas-rd","status":"publish","type":"post","link":"https:\/\/2horizontes.com\/?p=36547","title":{"rendered":"Se grad\u00faan 292 miembros de la Comisi\u00f3n Militar y Policial de Obras P\u00fablicas RD"},"content":{"rendered":"<article class=\"contenidoArticulo\">\n<div class=\"cuerpoNoticia\">\n<div>\n<p>RD- SANTO DOMINGO-La Comisi\u00f3n Militar y Policial\u00a0 del Ministerio de Obras P\u00fablicas gradu\u00f3 en San Isidro, 292 nuevos miembros que recibieron entrenamiento durante 6 meses en las escuelas del Ej\u00e9rcito y la Fuerza A\u00e9rea de Rep\u00fablica Dominicana.<\/p>\n<p>El ministro de esa entidad, Gonzalo Castillo, dispuso su integraci\u00f3n inmediata a los servicios navide\u00f1os, tanto en apoyo a la Polic\u00eda Nacional, como en las unidades de Protecci\u00f3n y Asistencia Vial de Obras P\u00fablicas que brindan servicios gratuitos 24 horas en las principales carreteras del pa\u00eds.<\/p>\n<p>Durante el acto de graduaci\u00f3n, el Comandante general de la Fuerza A\u00e9rea, mayor general piloto Elvis Marcelino F\u00e9liz P\u00e9rez, defini\u00f3 como excelente la labor que realiza la Comisi\u00f3n Militar y Policial del ministerio de Obras P\u00fablicas\u00a0 e invit\u00f3 a los graduandos a poner en pr\u00e1ctica los conocimientos adquiridos, para que esa dependencia mantenga su prestigio ante la ciudadan\u00eda.<\/p>\n<p>De su lado, el director de la Comisi\u00f3n Militar y Policial, general de brigada Estanislao Gonell Regalado, ERD, dijo que los guardias y polic\u00edas que pertenecen al Ministerio de Obras P\u00fablicas, a parte del entrenamiento tradicional, reciben una capacitaci\u00f3n especial, del que salen formados y preparados para servir al ciudadano en cualquier lugar y ante cualquier circunstancia.<\/p>\n<p>Mediante un comunicado,\u00a0 la comisi\u00f3n dijo que los nuevos soldados recibieron m\u00f3dulos de capacitaci\u00f3n en primeros auxilios, manejo de pacientes politraum\u00e1ticos, manejo de crisis, control perimetral, reacci\u00f3n r\u00e1pida, A\u00bfasistencia vial, Ley 241, entre otros cosas.<\/p>\n<\/div>\n<p>De los graduandos, 195 pertenecen al Ej\u00e9rcito y 97 a la Fuerza A\u00e9rea, quienes de inmediato fueron asignados por el Ministerio de Defensa, a la Comisi\u00f3n Militar y Policial de Obras P\u00fablicas.<\/p>\n<\/div>\n<\/article>\n<p>&nbsp;<\/p>\n","protected":false},"excerpt":{"rendered":"<p>RD- SANTO DOMINGO-La Comisi\u00f3n Militar y Policial\u00a0 del Ministerio de Obras P\u00fablicas gradu\u00f3 en San Isidro, 292 nuevos miembros que recibieron entrenamiento durante 6 meses en las escuelas del Ej\u00e9rcito y la Fuerza A\u00e9rea de Rep\u00fablica Dominicana. El ministro de esa entidad, Gonzalo Castillo, dispuso su integraci\u00f3n inmediata a los servicios navide\u00f1os, tanto en apoyo [&hellip;]<\/p>\n","protected":false},"author":8,"featured_media":36548,"comment_status":"open","ping_status":"open","sticky":false,"template":"","format":"standard","meta":{"footnotes":""},"categories":[44],"tags":[],"class_list":["post-36547","post","type-post","status-publish","format-standard","has-post-thumbnail","hentry","category-republica-dominicana"],"_links":{"self":[{"href":"https:\/\/2horizontes.com\/index.php?rest_route=\/wp\/v2\/posts\/36547","targetHints":{"allow":["GET"]}}],"collection":[{"href":"https:\/\/2horizontes.com\/index.php?rest_route=\/wp\/v2\/posts"}],"about":[{"href":"https:\/\/2horizontes.com\/index.php?rest_route=\/wp\/v2\/types\/post"}],"author":[{"embeddable":true,"href":"https:\/\/2horizontes.com\/index.php?rest_route=\/wp\/v2\/users\/8"}],"replies":[{"embeddable":true,"href":"https:\/\/2horizontes.com\/index.php?rest_route=%2Fwp%2Fv2%2Fcomments&post=36547"}],"version-history":[{"count":1,"href":"https:\/\/2horizontes.com\/index.php?rest_route=\/wp\/v2\/posts\/36547\/revisions"}],"predecessor-version":[{"id":36549,"href":"https:\/\/2horizontes.com\/index.php?rest_route=\/wp\/v2\/posts\/36547\/revisions\/36549"}],"wp:featuredmedia":[{"embeddable":true,"href":"https:\/\/2horizontes.com\/index.php?rest_route=\/wp\/v2\/media\/36548"}],"wp:attachment":[{"href":"https:\/\/2horizontes.com\/index.php?rest_route=%2Fwp%2Fv2%2Fmedia&parent=36547"}],"wp:term":[{"taxonomy":"category","embeddable":true,"href":"https:\/\/2horizontes.com\/index.php?rest_route=%2Fwp%2Fv2%2Fcategories&post=36547"},{"taxonomy":"post_tag","embeddable":true,"href":"https:\/\/2horizontes.com\/index.php?rest_route=%2Fwp%2Fv2%2Ftags&post=36547"}],"curies":[{"name":"wp","href":"https:\/\/api.w.org\/{rel}","templated":true}]}}