{"id":36533,"date":"2015-12-17T18:31:33","date_gmt":"2015-12-17T17:31:33","guid":{"rendered":"http:\/\/2horizontes.com\/?p=36533"},"modified":"2015-12-17T18:31:33","modified_gmt":"2015-12-17T17:31:33","slug":"joven-haitiano-de-18-anos-se-asfixia-en-mina-de-barahona-rd","status":"publish","type":"post","link":"https:\/\/2horizontes.com\/?p=36533","title":{"rendered":"Joven haitiano de 18 a\u00f1os se asfixia en mina de Barahona RD"},"content":{"rendered":"<p>RD- BARAHONA-Un obrero haitiano de 18 a\u00f1os muri\u00f3 asfixiado en una mina de Larimar, en la secci\u00f3n La Filipina, del municipio de La ci\u00e9naga, en Barahona, inform\u00f3 este jueves la Polic\u00eda Nacional.<\/p>\n<p>Israel Amerson falleci\u00f3 a causa de asfixia por sofocaci\u00f3n, seg\u00fan certific\u00f3 el m\u00e9dico legista, doctor Miguel Garc\u00eda Ortiz, quien orden\u00f3 el levantamiento del cad\u00e1ver.<\/p>\n<p>Seg\u00fan versiones, Israel Amerson estuvo cavando el martes en la ma\u00f1ana en dicha mina de la cual sali\u00f3 alrededor de las 10:30 de la ma\u00f1ana,\u00a0 pero volvi\u00f3 al foso a buscar varios instrumentos que se le quedaron, y no volvi\u00f3 a salir.<\/p>\n<p>En el caso actu\u00f3 el procurador fiscal Corintio Torres, quien orden\u00f3 la entrega del cad\u00e1ver a los familiares del fallecido.<\/p>\n<p>&nbsp;<\/p>\n","protected":false},"excerpt":{"rendered":"<p>RD- BARAHONA-Un obrero haitiano de 18 a\u00f1os muri\u00f3 asfixiado en una mina de Larimar, en la secci\u00f3n La Filipina, del municipio de La ci\u00e9naga, en Barahona, inform\u00f3 este jueves la Polic\u00eda Nacional. Israel Amerson falleci\u00f3 a causa de asfixia por sofocaci\u00f3n, seg\u00fan certific\u00f3 el m\u00e9dico legista, doctor Miguel Garc\u00eda Ortiz, quien orden\u00f3 el levantamiento del [&hellip;]<\/p>\n","protected":false},"author":8,"featured_media":34260,"comment_status":"open","ping_status":"open","sticky":false,"template":"","format":"standard","meta":{"footnotes":""},"categories":[47,43,44],"tags":[],"class_list":["post-36533","post","type-post","status-publish","format-standard","has-post-thumbnail","hentry","category-haiti","category-politica","category-republica-dominicana"],"_links":{"self":[{"href":"https:\/\/2horizontes.com\/index.php?rest_route=\/wp\/v2\/posts\/36533","targetHints":{"allow":["GET"]}}],"collection":[{"href":"https:\/\/2horizontes.com\/index.php?rest_route=\/wp\/v2\/posts"}],"about":[{"href":"https:\/\/2horizontes.com\/index.php?rest_route=\/wp\/v2\/types\/post"}],"author":[{"embeddable":true,"href":"https:\/\/2horizontes.com\/index.php?rest_route=\/wp\/v2\/users\/8"}],"replies":[{"embeddable":true,"href":"https:\/\/2horizontes.com\/index.php?rest_route=%2Fwp%2Fv2%2Fcomments&post=36533"}],"version-history":[{"count":1,"href":"https:\/\/2horizontes.com\/index.php?rest_route=\/wp\/v2\/posts\/36533\/revisions"}],"predecessor-version":[{"id":36534,"href":"https:\/\/2horizontes.com\/index.php?rest_route=\/wp\/v2\/posts\/36533\/revisions\/36534"}],"wp:featuredmedia":[{"embeddable":true,"href":"https:\/\/2horizontes.com\/index.php?rest_route=\/wp\/v2\/media\/34260"}],"wp:attachment":[{"href":"https:\/\/2horizontes.com\/index.php?rest_route=%2Fwp%2Fv2%2Fmedia&parent=36533"}],"wp:term":[{"taxonomy":"category","embeddable":true,"href":"https:\/\/2horizontes.com\/index.php?rest_route=%2Fwp%2Fv2%2Fcategories&post=36533"},{"taxonomy":"post_tag","embeddable":true,"href":"https:\/\/2horizontes.com\/index.php?rest_route=%2Fwp%2Fv2%2Ftags&post=36533"}],"curies":[{"name":"wp","href":"https:\/\/api.w.org\/{rel}","templated":true}]}}