{"id":36530,"date":"2015-12-17T18:27:33","date_gmt":"2015-12-17T17:27:33","guid":{"rendered":"http:\/\/2horizontes.com\/?p=36530"},"modified":"2015-12-17T18:27:33","modified_gmt":"2015-12-17T17:27:33","slug":"cortejo-funebre-a-alcalde-mantiene-paralizado-en-transito-en-zona-universitaria-rd","status":"publish","type":"post","link":"https:\/\/2horizontes.com\/?p=36530","title":{"rendered":"Cortejo f\u00fanebre a alcalde mantiene paralizado en tr\u00e1nsito en Zona Universitaria RD"},"content":{"rendered":"<p>RD- SANTO DOMINGO-El cortejo f\u00fanebre con los restos del alcalde de Santo Domingo Este, Juan de los Santos, mantiene este jueves paralizado el tr\u00e1nsito en la Zona Universitaria, espec\u00edficamente en avenida Independencia y zonas aleda\u00f1as.<\/p>\n<p>A las 12:00 del mediod\u00eda el cuerpo de alcalde que fue ultimado a tiros en su oficina de lla Federaci\u00f3n Dominicana de Municipios \u2013Fedomu-, junto a su guardaespaldas, Archi de Jes\u00fas de la Rosa y cuyo verdugo tambi\u00e9n se suicid\u00f3 de un disparo, fue llevado a la Casa Nacional del Partido de la Liberaci\u00f3n Dominicana -PLD-, donde acudieron cientos de personas.<\/p>\n<p>En la ruta que se realiza para trasladar los restos de De los Santos fueron apostados agentes de la Autoridad Metropolitana de Transporte \u2013Amet-, para dirigir el cortejo y viabilizar el tr\u00e1nsito.<\/p>\n<p>A la Casa Nacional del PLD acudi\u00f3 el presidente Danilo Medina, el presidente del partido, Leonel Fern\u00e1ndez y las palabras centrales del acto estuvieron a cargo del senador Julio C\u00e9sar Valent\u00edn, quien resalt\u00f3 la labor del fenecido alcalde, quien fue miembro del Comit\u00e9 Pol\u00edtico del PLD.<\/p>\n<p>A la salida el cuerpo de la Casa Nacional del PLD, fue trasladado al Palacio Municipal, ubicado en el municipio Santo Domingo Este.<\/p>\n<p>M\u00e1s temprano le rindieron honras en el Congreso Nacional y en Fedomu. Su cuerpo ser\u00e1 sepultado a las 4: 00 de la tarde en el Cementerio Puerta del Cielo.<\/p>\n<p>&nbsp;<\/p>\n","protected":false},"excerpt":{"rendered":"<p>RD- SANTO DOMINGO-El cortejo f\u00fanebre con los restos del alcalde de Santo Domingo Este, Juan de los Santos, mantiene este jueves paralizado el tr\u00e1nsito en la Zona Universitaria, espec\u00edficamente en avenida Independencia y zonas aleda\u00f1as. A las 12:00 del mediod\u00eda el cuerpo de alcalde que fue ultimado a tiros en su oficina de lla Federaci\u00f3n [&hellip;]<\/p>\n","protected":false},"author":8,"featured_media":36531,"comment_status":"open","ping_status":"open","sticky":false,"template":"","format":"standard","meta":{"footnotes":""},"categories":[44],"tags":[],"class_list":["post-36530","post","type-post","status-publish","format-standard","has-post-thumbnail","hentry","category-republica-dominicana"],"_links":{"self":[{"href":"https:\/\/2horizontes.com\/index.php?rest_route=\/wp\/v2\/posts\/36530","targetHints":{"allow":["GET"]}}],"collection":[{"href":"https:\/\/2horizontes.com\/index.php?rest_route=\/wp\/v2\/posts"}],"about":[{"href":"https:\/\/2horizontes.com\/index.php?rest_route=\/wp\/v2\/types\/post"}],"author":[{"embeddable":true,"href":"https:\/\/2horizontes.com\/index.php?rest_route=\/wp\/v2\/users\/8"}],"replies":[{"embeddable":true,"href":"https:\/\/2horizontes.com\/index.php?rest_route=%2Fwp%2Fv2%2Fcomments&post=36530"}],"version-history":[{"count":1,"href":"https:\/\/2horizontes.com\/index.php?rest_route=\/wp\/v2\/posts\/36530\/revisions"}],"predecessor-version":[{"id":36532,"href":"https:\/\/2horizontes.com\/index.php?rest_route=\/wp\/v2\/posts\/36530\/revisions\/36532"}],"wp:featuredmedia":[{"embeddable":true,"href":"https:\/\/2horizontes.com\/index.php?rest_route=\/wp\/v2\/media\/36531"}],"wp:attachment":[{"href":"https:\/\/2horizontes.com\/index.php?rest_route=%2Fwp%2Fv2%2Fmedia&parent=36530"}],"wp:term":[{"taxonomy":"category","embeddable":true,"href":"https:\/\/2horizontes.com\/index.php?rest_route=%2Fwp%2Fv2%2Fcategories&post=36530"},{"taxonomy":"post_tag","embeddable":true,"href":"https:\/\/2horizontes.com\/index.php?rest_route=%2Fwp%2Fv2%2Ftags&post=36530"}],"curies":[{"name":"wp","href":"https:\/\/api.w.org\/{rel}","templated":true}]}}