{"id":36527,"date":"2015-12-17T14:21:15","date_gmt":"2015-12-17T13:21:15","guid":{"rendered":"http:\/\/2horizontes.com\/?p=36527"},"modified":"2015-12-17T14:21:15","modified_gmt":"2015-12-17T13:21:15","slug":"rajoy-pide-que-nadie-saque-consecuencias-politicas-de-su-agresion","status":"publish","type":"post","link":"https:\/\/2horizontes.com\/?p=36527","title":{"rendered":"Rajoy pide que nadie saque consecuencias pol\u00edticas de su agresi\u00f3n"},"content":{"rendered":"<div id=\"ArticleAuthorDiv\" class=\"article-body-author\"><b>EFE<\/b><\/div>\n<div id=\"ArticleSourceDiv\" class=\"article-body-author\"><b>Madrid, Espa\u00f1a<\/b><\/div>\n<div id=\"ArticleBody\">\n<p>El presidente del Gobierno espa\u00f1ol, Mariano Rajoy, afirm\u00f3 hoy que no hay que extraer consecuencias pol\u00edticas de la agresi\u00f3n que sufri\u00f3 ayer en plena campa\u00f1a electoral y a\u00f1adi\u00f3 que no quiere que nadie lo haga.<\/p>\n<p>En declaraciones a las televisiones Antena 3 y Telecinco, Rajoy, que se presenta a la reelecci\u00f3n por el Partido Popular (PP, centroderecha), asegur\u00f3 que \u00abno cambia nada\u00bb para lo que queda de campa\u00f1a de las elecciones legislativas del 20 de diciembre.<\/p>\n<p>El presidente del Gobierno dijo que el pu\u00f1etazo que le propin\u00f3 ayer un joven durante un paseo por las calles de Pontevedra (noroeste) es \u00abla excepci\u00f3n que confirma la regla del civismo de los espa\u00f1oles\u00bb.<\/p>\n<p>Preguntado directamente por la relaci\u00f3n que est\u00e1n estableciendo algunos comentaristas pol\u00edticos entre el tono agresivo del candidato socialista, Pedro S\u00e1nchez, en el debate televisado que ambos mantuvieron el lunes y la agresi\u00f3n de ayer, el jefe del Ejecutivo fue tajante: \u00abNo, no, no. Extraer consecuencias pol\u00edticas es algo que no se debe hacer\u00bb.<\/p>\n<p>En el cara a cara de los dos l\u00edderes pol\u00edticos, S\u00e1nchez acus\u00f3 a Rajoy de \u00abno ser decente\u00bb por los casos de corrupci\u00f3n en su partido, lo que elev\u00f3 el tono del debate.<\/p>\n<p>\u00abQue haya uno, dos o tres que hagan lo que no tienen que hacer no nos debe hacer sacar conclusiones que no sean acertadas\u00bb, subray\u00f3 Rajoy, a tres d\u00edas de las elecciones.<\/p>\n<p>El presidente del Gobierno insisti\u00f3 en que lleva muchos a\u00f1os en pol\u00edtica y ha participado en muchos debates; \u00abno siempre acertamos\u00bb, reconoci\u00f3, pero pidi\u00f3 respeto a la persona, porque los rivales tienen familia y lo que dicen los pol\u00edticos \u00abes referencia para muchas personas\u00bb.<\/p>\n<p>Rajoy descart\u00f3 que la agresi\u00f3n se haya debido a un fallo de seguridad y agradeci\u00f3 el trabajo a sus escoltas y a c\u00f3mo le han \u00abcuidado durante este tiempo\u00bb. \u00abEs imposible evitarlo\u00bb, asegur\u00f3.<\/p>\n<p>El presidente del Gobierno reconoci\u00f3 que estas cosas \u00absiempre fastidian\u00bb e insisti\u00f3, no obstante, en su car\u00e1cter excepcional: \u00abYo he recorrido Espa\u00f1a de un lugar a otro y no he tenido problema\u00bb.<\/p>\n<p>Ya m\u00e1s centrado en los contenidos de la campa\u00f1a, el presidente del Gobierno se refiri\u00f3 a los posibles pactos postelectorales y apost\u00f3 por un gobierno estable, ya que \u00aben minor\u00eda, es muy dif\u00edcil gobernar\u00bb.<\/p>\n<p>Los \u00faltimos sondeos dan la victoria al PP de Rajoy pero sin la mayor\u00eda suficiente para formar gobierno, por lo que ser\u00e1n necesarios los pactos.<\/p>\n<p>Mariano Rajoy est\u00e1 hoy en Barcelona, en su primera visita durante la campa\u00f1a electoral a Catalu\u00f1a, regi\u00f3n del noreste de Espa\u00f1a, donde los nacionalistas tienen planteado un desaf\u00edo independentista.<\/p>\n<\/div>\n","protected":false},"excerpt":{"rendered":"<p>EFE Madrid, Espa\u00f1a El presidente del Gobierno espa\u00f1ol, Mariano Rajoy, afirm\u00f3 hoy que no hay que extraer consecuencias pol\u00edticas de la agresi\u00f3n que sufri\u00f3 ayer en plena campa\u00f1a electoral y a\u00f1adi\u00f3 que no quiere que nadie lo haga. En declaraciones a las televisiones Antena 3 y Telecinco, Rajoy, que se presenta a la reelecci\u00f3n por [&hellip;]<\/p>\n","protected":false},"author":7,"featured_media":36528,"comment_status":"open","ping_status":"open","sticky":false,"template":"","format":"standard","meta":{"footnotes":""},"categories":[85,40,43],"tags":[],"class_list":["post-36527","post","type-post","status-publish","format-standard","has-post-thumbnail","hentry","category-espana","category-internacionales","category-politica"],"_links":{"self":[{"href":"https:\/\/2horizontes.com\/index.php?rest_route=\/wp\/v2\/posts\/36527","targetHints":{"allow":["GET"]}}],"collection":[{"href":"https:\/\/2horizontes.com\/index.php?rest_route=\/wp\/v2\/posts"}],"about":[{"href":"https:\/\/2horizontes.com\/index.php?rest_route=\/wp\/v2\/types\/post"}],"author":[{"embeddable":true,"href":"https:\/\/2horizontes.com\/index.php?rest_route=\/wp\/v2\/users\/7"}],"replies":[{"embeddable":true,"href":"https:\/\/2horizontes.com\/index.php?rest_route=%2Fwp%2Fv2%2Fcomments&post=36527"}],"version-history":[{"count":1,"href":"https:\/\/2horizontes.com\/index.php?rest_route=\/wp\/v2\/posts\/36527\/revisions"}],"predecessor-version":[{"id":36529,"href":"https:\/\/2horizontes.com\/index.php?rest_route=\/wp\/v2\/posts\/36527\/revisions\/36529"}],"wp:featuredmedia":[{"embeddable":true,"href":"https:\/\/2horizontes.com\/index.php?rest_route=\/wp\/v2\/media\/36528"}],"wp:attachment":[{"href":"https:\/\/2horizontes.com\/index.php?rest_route=%2Fwp%2Fv2%2Fmedia&parent=36527"}],"wp:term":[{"taxonomy":"category","embeddable":true,"href":"https:\/\/2horizontes.com\/index.php?rest_route=%2Fwp%2Fv2%2Fcategories&post=36527"},{"taxonomy":"post_tag","embeddable":true,"href":"https:\/\/2horizontes.com\/index.php?rest_route=%2Fwp%2Fv2%2Ftags&post=36527"}],"curies":[{"name":"wp","href":"https:\/\/api.w.org\/{rel}","templated":true}]}}