{"id":36524,"date":"2015-12-17T14:11:32","date_gmt":"2015-12-17T13:11:32","guid":{"rendered":"http:\/\/2horizontes.com\/?p=36524"},"modified":"2015-12-17T14:11:32","modified_gmt":"2015-12-17T13:11:32","slug":"la-fed-subio-las-tasas-de-interes-por-primera-vez-en-casi-una-decada","status":"publish","type":"post","link":"https:\/\/2horizontes.com\/?p=36524","title":{"rendered":"La Fed subi\u00f3 las tasas de inter\u00e9s por primera vez en casi una d\u00e9cada"},"content":{"rendered":"<p><strong>Estados Unidos<\/strong><\/p>\n<p>El banco central de los EEUU aument\u00f3 <b>en un 0,25%<\/b> los tipos de referencia, desde un m\u00ednimo hist\u00f3rico en torno al 0%, al comprobar una mejora en la actividad econ\u00f3mica y el empleo norteamericano .<\/p>\n<p>Ocho a\u00f1os despu\u00e9s de que una devastadora recesi\u00f3n abriera una era de pol\u00edtica monetaria ultraexpansiva en Estados Unidos, la Reserva Federal aplic\u00f3 este mi\u00e9rcoles una suba de las tasas de inter\u00e9s<b> por vez primera desde 2006<\/b>, en una se\u00f1al de que la mayor econom\u00eda mundial super\u00f3 la mayor\u00eda de las heridas causadas por la crisis financiera global.<\/p>\n<div>\n<p>La suba de tasas es una se\u00f1al de la confianza del banco central que preside <b>Janet Yellen<\/b> en que la econom\u00eda ya dej\u00f3 atr\u00e1s la mayor\u00eda de los problemas de la crisis financiera del 2007-2009. La Fed subi\u00f3 el rango para su tipo de inter\u00e9s de referencia en un <b>cuarto de punto porcentual<\/b>, terminando con a\u00f1os de debate sobre el momento oportuno para un \u00abdespegue\u00bb de las tasas.<\/p>\n<p>\u00abEl Comit\u00e9 juzga que ha habido una mejora considerable del mercado del trabajo este a\u00f1o y est\u00e1 razonablemente confiado en que la inflaci\u00f3n subir\u00e1 en el medio plazo a su <b>objetivo de 2 por ciento<\/b>\u00ab, dijo la Fed en su comunicado, sobre la decisi\u00f3n que se adopt\u00f3 de manera un\u00e1nime.<\/p>\n<p>El banco elev\u00f3 su tasa de fondos federales desde su actual nivel cercano a cero a <b>entre 0,25 y 0,50 por ciento<\/b>.<\/p>\n<p>Los mercados mostraron un escenario positivo ante el giro potencialmente hist\u00f3rico de la Fed. Los \u00edndices burs\u00e1tiles en Wall Street sub\u00edan el mi\u00e9rcoles y los mercados de bonos y el d\u00f3lar se manten\u00edan estables. Los analistas dijeron que, tras semanas de preparativos, una decisi\u00f3n sorpresiva de no subir las tasas hubiese sido la elecci\u00f3n m\u00e1s perjudicial.<\/p>\n<p>Un incremento de los tipos <b>separar\u00e1 a la Fed de los grandes bancos centrales <\/b>en Tokio, Frankfurt, Beijing y otros lugares donde se lucha para estimular las econom\u00edas y generar crecimiento. Hab\u00eda indicios de que la fortaleza subyacente de la econom\u00eda estadounidense, liderada por los consumidores, seguir\u00eda incluso aunque se incrementen las tasas.<\/p>\n<p>A pesar del incremento inicial esperado para el mi\u00e9rcoles, la <b>pol\u00edtica monetaria en Estados Unidos seguir\u00e1 siendo muy expansiva <\/b>y funcionarios de la Fed han se\u00f1alado que actuar\u00e1n con cautela en adelante.<\/p>\n<p><span id=\"saysCMSEmphasiseg1l9mk8xd5\" class=\"saysCMSEmphasis\">AUNQUE MODESTO, EL PRIMER PASO DE LA FED SIGUE SIENDO TENSO<\/span>En los pr\u00f3ximos d\u00edas, la Fed deber\u00e1 demostrar que una nueva serie de herramientas para gestionar las tasas funcionar\u00e1 como se espera, ver c\u00f3mo los mayores tipos afectan las condiciones financieras locales y globales, y esperar que la d\u00e9bil demanda mundial y los precios de las materias primas no lleven a un per\u00edodo general de deflaci\u00f3n y tenga que revertir el curso.<\/p>\n<p>Para ser considerada un \u00e9xito, la Fed necesita que el alza en los fondos federales sea seguida de un continuo crecimiento econ\u00f3mico de Estados Unidos el pr\u00f3ximo a\u00f1o, un bajo desempleo y, tal vez, lo m\u00e1s complicado, una aceleraci\u00f3n de la inflaci\u00f3n.<\/p>\n<\/div>\n<p>F. Infobae.<\/p>\n","protected":false},"excerpt":{"rendered":"<p>Estados Unidos El banco central de los EEUU aument\u00f3 en un 0,25% los tipos de referencia, desde un m\u00ednimo hist\u00f3rico en torno al 0%, al comprobar una mejora en la actividad econ\u00f3mica y el empleo norteamericano . Ocho a\u00f1os despu\u00e9s de que una devastadora recesi\u00f3n abriera una era de pol\u00edtica monetaria ultraexpansiva en Estados Unidos, [&hellip;]<\/p>\n","protected":false},"author":7,"featured_media":36525,"comment_status":"open","ping_status":"open","sticky":false,"template":"","format":"standard","meta":{"footnotes":""},"categories":[63,40],"tags":[],"class_list":["post-36524","post","type-post","status-publish","format-standard","has-post-thumbnail","hentry","category-economia","category-internacionales"],"_links":{"self":[{"href":"https:\/\/2horizontes.com\/index.php?rest_route=\/wp\/v2\/posts\/36524","targetHints":{"allow":["GET"]}}],"collection":[{"href":"https:\/\/2horizontes.com\/index.php?rest_route=\/wp\/v2\/posts"}],"about":[{"href":"https:\/\/2horizontes.com\/index.php?rest_route=\/wp\/v2\/types\/post"}],"author":[{"embeddable":true,"href":"https:\/\/2horizontes.com\/index.php?rest_route=\/wp\/v2\/users\/7"}],"replies":[{"embeddable":true,"href":"https:\/\/2horizontes.com\/index.php?rest_route=%2Fwp%2Fv2%2Fcomments&post=36524"}],"version-history":[{"count":1,"href":"https:\/\/2horizontes.com\/index.php?rest_route=\/wp\/v2\/posts\/36524\/revisions"}],"predecessor-version":[{"id":36526,"href":"https:\/\/2horizontes.com\/index.php?rest_route=\/wp\/v2\/posts\/36524\/revisions\/36526"}],"wp:featuredmedia":[{"embeddable":true,"href":"https:\/\/2horizontes.com\/index.php?rest_route=\/wp\/v2\/media\/36525"}],"wp:attachment":[{"href":"https:\/\/2horizontes.com\/index.php?rest_route=%2Fwp%2Fv2%2Fmedia&parent=36524"}],"wp:term":[{"taxonomy":"category","embeddable":true,"href":"https:\/\/2horizontes.com\/index.php?rest_route=%2Fwp%2Fv2%2Fcategories&post=36524"},{"taxonomy":"post_tag","embeddable":true,"href":"https:\/\/2horizontes.com\/index.php?rest_route=%2Fwp%2Fv2%2Ftags&post=36524"}],"curies":[{"name":"wp","href":"https:\/\/api.w.org\/{rel}","templated":true}]}}