{"id":36494,"date":"2015-12-17T11:59:48","date_gmt":"2015-12-17T10:59:48","guid":{"rendered":"http:\/\/2horizontes.com\/?p=36494"},"modified":"2015-12-17T11:59:48","modified_gmt":"2015-12-17T10:59:48","slug":"rousseff-reitera-que-el-juicio-politico-en-su-contra-es-una-forma-de-golpe","status":"publish","type":"post","link":"https:\/\/2horizontes.com\/?p=36494","title":{"rendered":"Rousseff reitera que el juicio pol\u00edtico en su contra es \u00abuna forma de golpe\u00bb"},"content":{"rendered":"<div id=\"ArticleAuthorDiv\" class=\"article-body-author\"><b>EFE<\/b><\/div>\n<div id=\"ArticleSourceDiv\" class=\"article-body-author\"><b>Brasilia<\/b><\/div>\n<div id=\"ArticleBody\">\n<p>La presidenta brasile\u00f1a, Dilma Rousseff, reiter\u00f3 ayer que el juicio pol\u00edtico solicitado por la oposici\u00f3n en su contra es \u00abuna forma de golpe\u00bb, durante un acto con j\u00f3venes en el que estuvo acompa\u00f1ada por el exmandatario uruguayo Jos\u00e9 Mujica.<\/p>\n<p>\u00abLuchar\u00e9 contra la interrupci\u00f3n ileg\u00edtima de mi mandato con todas las herramientas que da el Estado Democr\u00e1tico de Derecho\u00bb, declar\u00f3 la mandataria ante miles de estudiantes congregados en la apertura de una conferencia nacional sobre la juventud.<\/p>\n<p>\u00abEst\u00e1 en curso una batalla, una lucha que dictar\u00e1 los rumbos de nuestro pa\u00eds\u00bb, afirm\u00f3 la presidenta, que puede ser sometida a un juicio con miras a su destituci\u00f3n por maniobras financieras que ha hecho su Gobierno para maquillar los resultados fiscales.<\/p>\n<p>Rousseff volvi\u00f3 a negar que esas maniobras supongan alg\u00fan tipo de irregularidad y asegur\u00f3 que la oposici\u00f3n se vale de \u00abinvenciones y falacias\u00bb, porque \u00abno tienen c\u00f3mo justificar el atentado que quieren cometer contra la democracia\u00bb.<\/p>\n<p>Pese a la firmeza de la presidenta, la Corte Suprema aclar\u00f3 hoy que el tr\u00e1mite para un juicio pol\u00edtico en su contra iniciado en la C\u00e1mara de Diputados se ajusta a derecho y a lo contemplado en la Constituci\u00f3n para un tr\u00e1mite de esa naturaleza.<\/p>\n<p>Sin embargo, Rousseff insisti\u00f3 m\u00e1s de una vez en que la oposici\u00f3n \u00abintenta interrumpir un mandato popular conquistado leg\u00edtimamente en las urnas\u00bb y afirm\u00f3 que \u00abesa falta de raz\u00f3n se llama golpe\u00bb.<\/p>\n<p>Admiti\u00f3, no obstante, que la Constituci\u00f3n brasile\u00f1a prev\u00e9 la posible destituci\u00f3n de un mandatario, pero volvi\u00f3 a arremeter contra sus adversarios al afirmar que las leyes al respecto \u00abno prev\u00e9n la invenci\u00f3n de motivos para derrumbar a un presidente leg\u00edtimo\u00bb.<\/p>\n<p>Seg\u00fan Rousseff, \u00ablos que buscan atajos para el poder quieren derrumbar una mujer, pero tambi\u00e9n quieren derrumbar un proyecto que ha incluido al pueblo en los presupuestos gubernamentales\u00bb.<\/p>\n<p>La mandataria fue aclamada por los j\u00f3venes presentes, que tambi\u00e9n ovacionaron al expresidente Jos\u00e9 Mujica, quien se limit\u00f3 a acompa\u00f1ar a Rousseff en el escenario pero no pronunci\u00f3 ning\u00fan discurso.<\/p>\n<\/div>\n","protected":false},"excerpt":{"rendered":"<p>EFE Brasilia La presidenta brasile\u00f1a, Dilma Rousseff, reiter\u00f3 ayer que el juicio pol\u00edtico solicitado por la oposici\u00f3n en su contra es \u00abuna forma de golpe\u00bb, durante un acto con j\u00f3venes en el que estuvo acompa\u00f1ada por el exmandatario uruguayo Jos\u00e9 Mujica. \u00abLuchar\u00e9 contra la interrupci\u00f3n ileg\u00edtima de mi mandato con todas las herramientas que da [&hellip;]<\/p>\n","protected":false},"author":7,"featured_media":36495,"comment_status":"open","ping_status":"open","sticky":false,"template":"","format":"standard","meta":{"footnotes":""},"categories":[40,43],"tags":[],"class_list":["post-36494","post","type-post","status-publish","format-standard","has-post-thumbnail","hentry","category-internacionales","category-politica"],"_links":{"self":[{"href":"https:\/\/2horizontes.com\/index.php?rest_route=\/wp\/v2\/posts\/36494","targetHints":{"allow":["GET"]}}],"collection":[{"href":"https:\/\/2horizontes.com\/index.php?rest_route=\/wp\/v2\/posts"}],"about":[{"href":"https:\/\/2horizontes.com\/index.php?rest_route=\/wp\/v2\/types\/post"}],"author":[{"embeddable":true,"href":"https:\/\/2horizontes.com\/index.php?rest_route=\/wp\/v2\/users\/7"}],"replies":[{"embeddable":true,"href":"https:\/\/2horizontes.com\/index.php?rest_route=%2Fwp%2Fv2%2Fcomments&post=36494"}],"version-history":[{"count":1,"href":"https:\/\/2horizontes.com\/index.php?rest_route=\/wp\/v2\/posts\/36494\/revisions"}],"predecessor-version":[{"id":36496,"href":"https:\/\/2horizontes.com\/index.php?rest_route=\/wp\/v2\/posts\/36494\/revisions\/36496"}],"wp:featuredmedia":[{"embeddable":true,"href":"https:\/\/2horizontes.com\/index.php?rest_route=\/wp\/v2\/media\/36495"}],"wp:attachment":[{"href":"https:\/\/2horizontes.com\/index.php?rest_route=%2Fwp%2Fv2%2Fmedia&parent=36494"}],"wp:term":[{"taxonomy":"category","embeddable":true,"href":"https:\/\/2horizontes.com\/index.php?rest_route=%2Fwp%2Fv2%2Fcategories&post=36494"},{"taxonomy":"post_tag","embeddable":true,"href":"https:\/\/2horizontes.com\/index.php?rest_route=%2Fwp%2Fv2%2Ftags&post=36494"}],"curies":[{"name":"wp","href":"https:\/\/api.w.org\/{rel}","templated":true}]}}