{"id":36491,"date":"2015-12-17T00:27:29","date_gmt":"2015-12-16T23:27:29","guid":{"rendered":"http:\/\/2horizontes.com\/?p=36491"},"modified":"2015-12-17T00:27:29","modified_gmt":"2015-12-16T23:27:29","slug":"ciclista-venezolano-gana-la-tercera-etapa-de-la-vuelta-a-costa-rica","status":"publish","type":"post","link":"https:\/\/2horizontes.com\/?p=36491","title":{"rendered":"Ciclista venezolano gana la tercera etapa de la vuelta a Costa Rica"},"content":{"rendered":"<p>El ciclista venezolano Jonathan Salinas gan\u00f3 hoy en la tercera etapa de la edici\u00f3n 51 de la Vuelta Internacional a Costa Rica, mientras el local Mainor Rojas mantuvo la camiseta de l\u00edder general.<\/p>\n<p>Salinas se impuso en el esprint final al costarricense Daniel Bonilla, en una etapa de 119 kil\u00f3metros sobre terreno plano entre las ciudades de Nicoya, provincia de Guanacaste, y Esparza, provincia de Puntarenas, ambas en el Pac\u00edfico del pa\u00eds.<\/p>\n<p>Salinas, quien corre para la selecci\u00f3n de Venezuela, cruz\u00f3 la meta con un tiempo de 2 horas, 44 minutos y 53 segundos, mismo tiempo que Bonilla, mientras el tercer lugar correspondi\u00f3 al costarricense Emilio Molina, quien lleg\u00f3 a 6 segundos del ganador.<\/p>\n<p>Como l\u00edder general se mantuvo el costarricense Mainor Rojas con un tiempo acumulado de 11 horas, 37 minutos y 37 segundos, quien ampli\u00f3 a 32 segundos su diferencia sobre su compa\u00f1ero de equipo Nieves Carrasco, segundo en la general.<\/p>\n<p>Los extranjeros mejor ubicados son el canadiense Anton Varabei, s\u00e9ptimo a 9:23 del l\u00edder, y el venezolano Salinas que se ubica de octavo a 10:48.<\/p>\n<p>Para ma\u00f1ana est\u00e1 programada la cuarta jornada del giro que comprende 103 kil\u00f3metros entre Esparza y Grecia, provincia de Alajuela, que inicia casi en la costa y tiene un ascenso hasta los 1.153 metros sobre el nivel del mar.<\/p>\n<p>En el giro, compuesto de once etapas y que concluir\u00e1 el pr\u00f3ximo el 25 de diciembre, compiten once equipos costarricenses y cinco extranjeros, de Argentina, Venezuela, Canad\u00e1, Alemania y Suiza.<\/p>\n","protected":false},"excerpt":{"rendered":"<p>El ciclista venezolano Jonathan Salinas gan\u00f3 hoy en la tercera etapa de la edici\u00f3n 51 de la Vuelta Internacional a Costa Rica, mientras el local Mainor Rojas mantuvo la camiseta de l\u00edder general. Salinas se impuso en el esprint final al costarricense Daniel Bonilla, en una etapa de 119 kil\u00f3metros sobre terreno plano entre las [&hellip;]<\/p>\n","protected":false},"author":3,"featured_media":36492,"comment_status":"open","ping_status":"open","sticky":false,"template":"","format":"standard","meta":{"footnotes":""},"categories":[42],"tags":[],"class_list":["post-36491","post","type-post","status-publish","format-standard","has-post-thumbnail","hentry","category-deportes"],"_links":{"self":[{"href":"https:\/\/2horizontes.com\/index.php?rest_route=\/wp\/v2\/posts\/36491","targetHints":{"allow":["GET"]}}],"collection":[{"href":"https:\/\/2horizontes.com\/index.php?rest_route=\/wp\/v2\/posts"}],"about":[{"href":"https:\/\/2horizontes.com\/index.php?rest_route=\/wp\/v2\/types\/post"}],"author":[{"embeddable":true,"href":"https:\/\/2horizontes.com\/index.php?rest_route=\/wp\/v2\/users\/3"}],"replies":[{"embeddable":true,"href":"https:\/\/2horizontes.com\/index.php?rest_route=%2Fwp%2Fv2%2Fcomments&post=36491"}],"version-history":[{"count":1,"href":"https:\/\/2horizontes.com\/index.php?rest_route=\/wp\/v2\/posts\/36491\/revisions"}],"predecessor-version":[{"id":36493,"href":"https:\/\/2horizontes.com\/index.php?rest_route=\/wp\/v2\/posts\/36491\/revisions\/36493"}],"wp:featuredmedia":[{"embeddable":true,"href":"https:\/\/2horizontes.com\/index.php?rest_route=\/wp\/v2\/media\/36492"}],"wp:attachment":[{"href":"https:\/\/2horizontes.com\/index.php?rest_route=%2Fwp%2Fv2%2Fmedia&parent=36491"}],"wp:term":[{"taxonomy":"category","embeddable":true,"href":"https:\/\/2horizontes.com\/index.php?rest_route=%2Fwp%2Fv2%2Fcategories&post=36491"},{"taxonomy":"post_tag","embeddable":true,"href":"https:\/\/2horizontes.com\/index.php?rest_route=%2Fwp%2Fv2%2Ftags&post=36491"}],"curies":[{"name":"wp","href":"https:\/\/api.w.org\/{rel}","templated":true}]}}