{"id":36472,"date":"2015-12-16T18:33:11","date_gmt":"2015-12-16T17:33:11","guid":{"rendered":"http:\/\/2horizontes.com\/?p=36472"},"modified":"2015-12-16T18:33:11","modified_gmt":"2015-12-16T17:33:11","slug":"ascienden-de-manera-postuma-a-sargento-mayor-al-asesinado-guardaespaldas-de-juan-de-los-santos","status":"publish","type":"post","link":"https:\/\/2horizontes.com\/?p=36472","title":{"rendered":"Ascienden de manera p\u00f3stuma a sargento mayor al asesinado guardaespaldas de Juan de los Santos"},"content":{"rendered":"<p>RD- SANTO DOMINGO-El ministro de Defensa, teniente general M\u00e1ximo William Mu\u00f1oz Delgado, ascendi\u00f3, \u00a0de manera p\u00f3stuma, a segundo teniente al Archie de Jes\u00fas Medina, quien era guardaespaldas del alcalde Juan de los Santos y fue ultimado ayer junto al edil.<\/p>\n<p>La informaci\u00f3n la dio a conocer este mi\u00e9rcoles el jefe del Ej\u00e9rcito de la Rep\u00fablica Dominicana, mayor general Jos\u00e9 Eugenio de la Cruz, luego dar el p\u00e9same a los familiares de De Jes\u00fas Medina, en la funeraria Gresefu de la avenida Las Am\u00e9ricas, esquina Marrero Aristy, en el ensanche Ozama.<\/p>\n<p>Tambi\u00e9n inform\u00f3 que el Ej\u00e9rcito proceder\u00e1 a terminar la casa que constru\u00eda el militar en el sector Villa Duarte, en el municipio Santo Domingo Este.<\/p>\n<p>En la funeraria se observan escenas de dolor entre los familiares y amigos que acuden al lugar, quienes definieron a De Jes\u00fas como una persona de bien, incapaz de hacerle da\u00f1o a nadie.<\/p>\n<p>Pablo Gonz\u00e1lez, quien era amigo del militar, dijo que lo ocurrido ayer debe servir de reflexi\u00f3n al pueblo dominicano sobre la violencia \u00a0\u201cque nos afecta\u201d.<\/p>\n<p>Los restos de De Jes\u00fas fueron sepultados a las 10:00 de la ma\u00f1ana de este jueves en el cementerio Cristo Salvador, del sector Los Minas.<\/p>\n<p>&nbsp;<\/p>\n","protected":false},"excerpt":{"rendered":"<p>RD- SANTO DOMINGO-El ministro de Defensa, teniente general M\u00e1ximo William Mu\u00f1oz Delgado, ascendi\u00f3, \u00a0de manera p\u00f3stuma, a segundo teniente al Archie de Jes\u00fas Medina, quien era guardaespaldas del alcalde Juan de los Santos y fue ultimado ayer junto al edil. La informaci\u00f3n la dio a conocer este mi\u00e9rcoles el jefe del Ej\u00e9rcito de la Rep\u00fablica [&hellip;]<\/p>\n","protected":false},"author":8,"featured_media":36473,"comment_status":"open","ping_status":"open","sticky":false,"template":"","format":"standard","meta":{"footnotes":""},"categories":[44],"tags":[],"class_list":["post-36472","post","type-post","status-publish","format-standard","has-post-thumbnail","hentry","category-republica-dominicana"],"_links":{"self":[{"href":"https:\/\/2horizontes.com\/index.php?rest_route=\/wp\/v2\/posts\/36472","targetHints":{"allow":["GET"]}}],"collection":[{"href":"https:\/\/2horizontes.com\/index.php?rest_route=\/wp\/v2\/posts"}],"about":[{"href":"https:\/\/2horizontes.com\/index.php?rest_route=\/wp\/v2\/types\/post"}],"author":[{"embeddable":true,"href":"https:\/\/2horizontes.com\/index.php?rest_route=\/wp\/v2\/users\/8"}],"replies":[{"embeddable":true,"href":"https:\/\/2horizontes.com\/index.php?rest_route=%2Fwp%2Fv2%2Fcomments&post=36472"}],"version-history":[{"count":1,"href":"https:\/\/2horizontes.com\/index.php?rest_route=\/wp\/v2\/posts\/36472\/revisions"}],"predecessor-version":[{"id":36474,"href":"https:\/\/2horizontes.com\/index.php?rest_route=\/wp\/v2\/posts\/36472\/revisions\/36474"}],"wp:featuredmedia":[{"embeddable":true,"href":"https:\/\/2horizontes.com\/index.php?rest_route=\/wp\/v2\/media\/36473"}],"wp:attachment":[{"href":"https:\/\/2horizontes.com\/index.php?rest_route=%2Fwp%2Fv2%2Fmedia&parent=36472"}],"wp:term":[{"taxonomy":"category","embeddable":true,"href":"https:\/\/2horizontes.com\/index.php?rest_route=%2Fwp%2Fv2%2Fcategories&post=36472"},{"taxonomy":"post_tag","embeddable":true,"href":"https:\/\/2horizontes.com\/index.php?rest_route=%2Fwp%2Fv2%2Ftags&post=36472"}],"curies":[{"name":"wp","href":"https:\/\/api.w.org\/{rel}","templated":true}]}}