{"id":36469,"date":"2015-12-16T18:26:42","date_gmt":"2015-12-16T17:26:42","guid":{"rendered":"http:\/\/2horizontes.com\/?p=36469"},"modified":"2015-12-16T18:26:42","modified_gmt":"2015-12-16T17:26:42","slug":"adocco-pide-desarme-de-la-poblacion-urgente-rd","status":"publish","type":"post","link":"https:\/\/2horizontes.com\/?p=36469","title":{"rendered":"ADOCCO pide desarme de la poblaci\u00f3n urgente RD"},"content":{"rendered":"<p>RD- SANTO DOMINGO-La Alianza Dominicana Contra la Corrupci\u00f3n, ADOCCO, solicit\u00f3 este mi\u00e9rcoles al presidente Danilo Medina el inicio de un plan de largo alcance para desarmar a la poblaci\u00f3n civil sin excepci\u00f3n alguna, a ra\u00edz del asesinato del alcalde de Santo Domingo Este, Juan de los Santos.<\/p>\n<p>El coordinador general de la entidad, Julio Cesar De la Rosa Tiburcio, sostuvo que el porte y tenencia de arma constituye una amenaza para la tranquilidad de la familia dominicana, luego que se eliminaran una serie de requisitos que le eran exigidos a los ciudadanos que procuraban tener una licencia para tales prop\u00f3sitos.<\/p>\n<p>Entre los requisitos eliminados, cita la justificaci\u00f3n de la necesidad para porte de armas, la cual estuvo mucho tiempo reservada a personas que se dedicaban a actividades de comercio que implicaba manejo de altas sumas de dinero, comercio de provisiones y cambio de divisas.<\/p>\n<p>\u201cDe un tiempo para ac\u00e1 se populariz\u00f3 al punto de que todo el que quer\u00eda un arma la compraba como si fuera arroz en un colmado\u201d, afirma.<\/p>\n<p>La organizaci\u00f3n de la sociedad civil dijo que esta tragedia debe servir para que las autoridades tomen las medidas pertinentes y se proh\u00edba el ingreso de personas armadas a instituciones p\u00fablicas y privadas, sin distinci\u00f3n de que sean choferes y agentes de seguridad, y limitarse a militares instruidos para lidiar con situaciones dif\u00edciles y de esa forma evitar muchas muertes en el futuro.<\/p>\n<p>De la Rosa Tiburcio, tambi\u00e9n propuso al Consejo de Regidores del Ayuntamiento de Santo Domingo Este, que el nuevo edificio en donde funcionaran las oficinas del cabildo sea designado con el nombre del malogrado alcalde, haciendo de esa forma honor a quien se preocup\u00f3 porque el municipio contara con un palacio municipal.<\/p>\n<p>&nbsp;<\/p>\n","protected":false},"excerpt":{"rendered":"<p>RD- SANTO DOMINGO-La Alianza Dominicana Contra la Corrupci\u00f3n, ADOCCO, solicit\u00f3 este mi\u00e9rcoles al presidente Danilo Medina el inicio de un plan de largo alcance para desarmar a la poblaci\u00f3n civil sin excepci\u00f3n alguna, a ra\u00edz del asesinato del alcalde de Santo Domingo Este, Juan de los Santos. El coordinador general de la entidad, Julio Cesar [&hellip;]<\/p>\n","protected":false},"author":8,"featured_media":36470,"comment_status":"open","ping_status":"open","sticky":false,"template":"","format":"standard","meta":{"footnotes":""},"categories":[44],"tags":[],"class_list":["post-36469","post","type-post","status-publish","format-standard","has-post-thumbnail","hentry","category-republica-dominicana"],"_links":{"self":[{"href":"https:\/\/2horizontes.com\/index.php?rest_route=\/wp\/v2\/posts\/36469","targetHints":{"allow":["GET"]}}],"collection":[{"href":"https:\/\/2horizontes.com\/index.php?rest_route=\/wp\/v2\/posts"}],"about":[{"href":"https:\/\/2horizontes.com\/index.php?rest_route=\/wp\/v2\/types\/post"}],"author":[{"embeddable":true,"href":"https:\/\/2horizontes.com\/index.php?rest_route=\/wp\/v2\/users\/8"}],"replies":[{"embeddable":true,"href":"https:\/\/2horizontes.com\/index.php?rest_route=%2Fwp%2Fv2%2Fcomments&post=36469"}],"version-history":[{"count":1,"href":"https:\/\/2horizontes.com\/index.php?rest_route=\/wp\/v2\/posts\/36469\/revisions"}],"predecessor-version":[{"id":36471,"href":"https:\/\/2horizontes.com\/index.php?rest_route=\/wp\/v2\/posts\/36469\/revisions\/36471"}],"wp:featuredmedia":[{"embeddable":true,"href":"https:\/\/2horizontes.com\/index.php?rest_route=\/wp\/v2\/media\/36470"}],"wp:attachment":[{"href":"https:\/\/2horizontes.com\/index.php?rest_route=%2Fwp%2Fv2%2Fmedia&parent=36469"}],"wp:term":[{"taxonomy":"category","embeddable":true,"href":"https:\/\/2horizontes.com\/index.php?rest_route=%2Fwp%2Fv2%2Fcategories&post=36469"},{"taxonomy":"post_tag","embeddable":true,"href":"https:\/\/2horizontes.com\/index.php?rest_route=%2Fwp%2Fv2%2Ftags&post=36469"}],"curies":[{"name":"wp","href":"https:\/\/api.w.org\/{rel}","templated":true}]}}