{"id":36387,"date":"2015-12-16T09:03:50","date_gmt":"2015-12-16T08:03:50","guid":{"rendered":"http:\/\/2horizontes.com\/?p=36387"},"modified":"2015-12-16T09:03:50","modified_gmt":"2015-12-16T08:03:50","slug":"gobierno-colombiano-y-las-farc-acuerdan-resarcir-a-victimas","status":"publish","type":"post","link":"https:\/\/2horizontes.com\/?p=36387","title":{"rendered":"Gobierno colombiano y las FARC acuerdan resarcir a v\u00edctimas"},"content":{"rendered":"<div id=\"ArticleAuthorDiv\" class=\"article-body-author\"><b>AP<\/b><\/div>\n<div id=\"ArticleSourceDiv\" class=\"article-body-author\"><b>La Habana<\/b><\/div>\n<div id=\"ArticleBody\">\n<p>El gobierno colombiano y las FARC firmaron ayer martes el acuerdo m\u00e1s complejo de la agenda del proceso de paz sobre la justicia aplicable a los combatientes y el resarcimiento a las v\u00edctimas, lo que abre la puerta a una reconciliaci\u00f3n y crea una jurisdicci\u00f3n para procesar a guerrilleros y militares enfrentados desde hace m\u00e1s de 50 a\u00f1os.<\/p>\n<p>Desde Colombia, el presidente Juan Manuel Santos dijo por la noche en una alocuci\u00f3n televisada que este avance abre la posibilidad de que el acuerdo de paz pueda firmarse antes del 23 de marzo.<\/p>\n<p>\u201cNo se pondr\u00e1 en marcha un esquema de persecuci\u00f3n y venganza. No habr\u00e1 cacer\u00eda de brujas, pero tampoco habr\u00e1 espacio para la impunidad\u201d, dijo el jefe de la delegaci\u00f3n oficial, Humberto de La Calle, durante la ceremonia para rubricar el convenio.<\/p>\n<p>Las partes acordaron lo que llamaron \u201cun sistema integral\u201d de cinco aspectos principales: una Comisi\u00f3n para el esclarecimiento de la verdad; una unidad especial para la b\u00fasqueda de desaparecidos; un paquete de medidas de reparaci\u00f3n y otro para garant\u00edas de no repetici\u00f3n del conflicto. Adem\u00e1s de las Jurisdicciones Especial para la Paz.<\/p>\n<p>Esta Jurisdicci\u00f3n Especial para la Paz estar\u00e1 constituida por una serie de tribunales, que incluyen una Sala de Amnist\u00eda e Indulto, y otra para investigar, esclarecer, perseguir y sancionar las graves violaciones a los derechos humanos, administrar justicia e imponersentencias. Las condenas se dividen en tres categor\u00edas: hasta 20 a\u00f1os de c\u00e1rcel para quienes resulten culpables y no confiesen su responsabilidad; hasta cinco a\u00f1os de c\u00e1rcel para quienes reconozcan delitos tard\u00edamente; y hasta 8 a\u00f1os de \u201crestricci\u00f3n efectiva de libertad\u201d para quienes colaboren en el esclarecimiento de la verdad. Estas penas podr\u00e1n ser cumplidas en trabajos ligados a la restituci\u00f3n de las v\u00edctimas, como por ejemplo trabajar en tareas de desminado o de desarrollo agr\u00edcola.<\/p>\n<p>El tribunal juzgar\u00e1 a combatientes y no combatientes desde pol\u00edticos, empresarios o financiadores de los grupos armados. No se impedir\u00e1 la participaci\u00f3n pol\u00edtica a quien resulte culpable. Los tribunales de la Jurisdicci\u00f3n estar\u00e1n conformados por unos 40 jueces.<\/p>\n<p><strong>\u00a0UN PASO HACIA LA PAZ DEFINITIVA <\/strong><br \/>\nPara el presidente Juan Manuel Santos, este acuerdo acerca la posibilidad de firmar la paz definitiva antes del 23 de marzo, dijo este martes durante una alocuci\u00f3n televisada. La guerrilla sin embargo desestim\u00f3 la fecha de cuatro meses en d\u00edas pasado. El mandatario insisti\u00f3 tambi\u00e9n en que trabaja para alcanzar \u201clo m\u00e1s pronto posible\u201d un cese al fuego bilateral y definitivo, \u201cpues las condiciones est\u00e1n dadas\u201d se\u00f1al\u00f3 ante los colombianos.<\/p>\n<p>Con un tono positivo desde la casa presidencial Santos defendi\u00f3 el acuerdo de La Habana y dijo que aunque sabe que \u201cno es un tema sencillo\u201d y que \u201cexisten preocupaciones\u201d se ha logrado avanzar en el proceso de paz sin negociar \u201ccon nuestra democracia, nuestro sistema pol\u00edtico o nuestro modelo econ\u00f3mico\u201d.<\/p>\n<\/div>\n","protected":false},"excerpt":{"rendered":"<p>AP La Habana El gobierno colombiano y las FARC firmaron ayer martes el acuerdo m\u00e1s complejo de la agenda del proceso de paz sobre la justicia aplicable a los combatientes y el resarcimiento a las v\u00edctimas, lo que abre la puerta a una reconciliaci\u00f3n y crea una jurisdicci\u00f3n para procesar a guerrilleros y militares enfrentados [&hellip;]<\/p>\n","protected":false},"author":7,"featured_media":36388,"comment_status":"open","ping_status":"open","sticky":false,"template":"","format":"standard","meta":{"footnotes":""},"categories":[50,40,43],"tags":[],"class_list":["post-36387","post","type-post","status-publish","format-standard","has-post-thumbnail","hentry","category-colombia","category-internacionales","category-politica"],"_links":{"self":[{"href":"https:\/\/2horizontes.com\/index.php?rest_route=\/wp\/v2\/posts\/36387","targetHints":{"allow":["GET"]}}],"collection":[{"href":"https:\/\/2horizontes.com\/index.php?rest_route=\/wp\/v2\/posts"}],"about":[{"href":"https:\/\/2horizontes.com\/index.php?rest_route=\/wp\/v2\/types\/post"}],"author":[{"embeddable":true,"href":"https:\/\/2horizontes.com\/index.php?rest_route=\/wp\/v2\/users\/7"}],"replies":[{"embeddable":true,"href":"https:\/\/2horizontes.com\/index.php?rest_route=%2Fwp%2Fv2%2Fcomments&post=36387"}],"version-history":[{"count":1,"href":"https:\/\/2horizontes.com\/index.php?rest_route=\/wp\/v2\/posts\/36387\/revisions"}],"predecessor-version":[{"id":36389,"href":"https:\/\/2horizontes.com\/index.php?rest_route=\/wp\/v2\/posts\/36387\/revisions\/36389"}],"wp:featuredmedia":[{"embeddable":true,"href":"https:\/\/2horizontes.com\/index.php?rest_route=\/wp\/v2\/media\/36388"}],"wp:attachment":[{"href":"https:\/\/2horizontes.com\/index.php?rest_route=%2Fwp%2Fv2%2Fmedia&parent=36387"}],"wp:term":[{"taxonomy":"category","embeddable":true,"href":"https:\/\/2horizontes.com\/index.php?rest_route=%2Fwp%2Fv2%2Fcategories&post=36387"},{"taxonomy":"post_tag","embeddable":true,"href":"https:\/\/2horizontes.com\/index.php?rest_route=%2Fwp%2Fv2%2Ftags&post=36387"}],"curies":[{"name":"wp","href":"https:\/\/api.w.org\/{rel}","templated":true}]}}