{"id":36384,"date":"2015-12-16T02:53:33","date_gmt":"2015-12-16T01:53:33","guid":{"rendered":"http:\/\/2horizontes.com\/?p=36384"},"modified":"2015-12-16T02:53:33","modified_gmt":"2015-12-16T01:53:33","slug":"se-suspende-espectaculos-navideno-en-santo-domingo-este-por-muerte-de-alcalde-juan-de-los-santos","status":"publish","type":"post","link":"https:\/\/2horizontes.com\/?p=36384","title":{"rendered":"Se suspende espect\u00e1culos navide\u00f1o en Santo Domingo Este por muerte de Alcalde Juan de los Santos"},"content":{"rendered":"<p>SANTO DOMINGO.- Con motivo de la tr\u00e1gica muerte del Alcalde de Santo Domingo Este, Juan de los Santos, la Alcald\u00eda del Distrito Nacional (ADN) suspendi\u00f3 las actividades del Parque de Luces Brillante Navidad de este martes.<\/p>\n<p>Asimismo, anuncia que los pr\u00f3ximos d\u00edas el parque estar\u00e1 abierto como plaza p\u00fablica sin ning\u00fan espect\u00e1culo.<\/p>\n<p>Adem\u00e1s, el tercer sorteo de obras del Presupuesto Participativo, que se llevar\u00eda a cabo este mi\u00e9rcoles 16, fue pospuesto para el martes 22 del mes en curso.<\/p>\n<p>El Alcalde del Distrito Nacional, Roberto Salcedo, lament\u00f3 \u201cla p\u00e9rdida de esta vida \u00fatil al servicio de la sociedad\u201d.<\/p>\n<p>\u201cNos unimos al dolor que enluta a los dominicanos, principalmente a los mun\u00edcipes de Santo Domingo Este, por la irreparable muerte de su alcalde\u201d, expres\u00f3.<\/p>\n","protected":false},"excerpt":{"rendered":"<p>SANTO DOMINGO.- Con motivo de la tr\u00e1gica muerte del Alcalde de Santo Domingo Este, Juan de los Santos, la Alcald\u00eda del Distrito Nacional (ADN) suspendi\u00f3 las actividades del Parque de Luces Brillante Navidad de este martes. Asimismo, anuncia que los pr\u00f3ximos d\u00edas el parque estar\u00e1 abierto como plaza p\u00fablica sin ning\u00fan espect\u00e1culo. Adem\u00e1s, el tercer [&hellip;]<\/p>\n","protected":false},"author":4,"featured_media":36385,"comment_status":"open","ping_status":"open","sticky":false,"template":"","format":"standard","meta":{"footnotes":""},"categories":[43,44],"tags":[],"class_list":["post-36384","post","type-post","status-publish","format-standard","has-post-thumbnail","hentry","category-politica","category-republica-dominicana"],"_links":{"self":[{"href":"https:\/\/2horizontes.com\/index.php?rest_route=\/wp\/v2\/posts\/36384","targetHints":{"allow":["GET"]}}],"collection":[{"href":"https:\/\/2horizontes.com\/index.php?rest_route=\/wp\/v2\/posts"}],"about":[{"href":"https:\/\/2horizontes.com\/index.php?rest_route=\/wp\/v2\/types\/post"}],"author":[{"embeddable":true,"href":"https:\/\/2horizontes.com\/index.php?rest_route=\/wp\/v2\/users\/4"}],"replies":[{"embeddable":true,"href":"https:\/\/2horizontes.com\/index.php?rest_route=%2Fwp%2Fv2%2Fcomments&post=36384"}],"version-history":[{"count":1,"href":"https:\/\/2horizontes.com\/index.php?rest_route=\/wp\/v2\/posts\/36384\/revisions"}],"predecessor-version":[{"id":36386,"href":"https:\/\/2horizontes.com\/index.php?rest_route=\/wp\/v2\/posts\/36384\/revisions\/36386"}],"wp:featuredmedia":[{"embeddable":true,"href":"https:\/\/2horizontes.com\/index.php?rest_route=\/wp\/v2\/media\/36385"}],"wp:attachment":[{"href":"https:\/\/2horizontes.com\/index.php?rest_route=%2Fwp%2Fv2%2Fmedia&parent=36384"}],"wp:term":[{"taxonomy":"category","embeddable":true,"href":"https:\/\/2horizontes.com\/index.php?rest_route=%2Fwp%2Fv2%2Fcategories&post=36384"},{"taxonomy":"post_tag","embeddable":true,"href":"https:\/\/2horizontes.com\/index.php?rest_route=%2Fwp%2Fv2%2Ftags&post=36384"}],"curies":[{"name":"wp","href":"https:\/\/api.w.org\/{rel}","templated":true}]}}