{"id":36380,"date":"2015-12-16T02:07:16","date_gmt":"2015-12-16T01:07:16","guid":{"rendered":"http:\/\/2horizontes.com\/?p=36380"},"modified":"2015-12-16T02:07:16","modified_gmt":"2015-12-16T01:07:16","slug":"ultima-foto-de-alcalde-de-santo-domingo-este-juancito-sport-antes-de-ser-asesinado","status":"publish","type":"post","link":"https:\/\/2horizontes.com\/?p=36380","title":{"rendered":"Ultima Foto de Alcalde de  Santo Domingo  Este Juancito Sport, antes de ser asesinado"},"content":{"rendered":"<p>SANTO DOMINGO. Cuatro horas antes de morir, el alcalde del municipio Santo Domingo Este, Juan de los Santos estuvo en el colegio de sus hijos celebrando la Navidad.<\/p>\n<p>De los Santos comparti\u00f3 el momento con sus seguidores de Facebook con una fotograf\u00eda, la cual acompa\u00f1\u00f3 del siguiente mensaje: \u201cCompartiendo el \u00faltimo d\u00eda de clases con mis dos chiquitos, junto a sus compa\u00f1eros de aula, en la celebraci\u00f3n de la Navidad, en su colegio\u201d.<\/p>\n<p>Juan de los Santos fue asesinado de varios disparos en su oficina de la Federaci\u00f3n Dominicana de Municipios (FEDOMU), hecho en el que tambi\u00e9n perdi\u00f3 la vida uno de sus guarda espaldas y el presunto homicida.<\/p>\n<p>Nos unimos al dolor de sus familiares<\/p>\n","protected":false},"excerpt":{"rendered":"<p>SANTO DOMINGO. Cuatro horas antes de morir, el alcalde del municipio Santo Domingo Este, Juan de los Santos estuvo en el colegio de sus hijos celebrando la Navidad. De los Santos comparti\u00f3 el momento con sus seguidores de Facebook con una fotograf\u00eda, la cual acompa\u00f1\u00f3 del siguiente mensaje: \u201cCompartiendo el \u00faltimo d\u00eda de clases con [&hellip;]<\/p>\n","protected":false},"author":4,"featured_media":36381,"comment_status":"open","ping_status":"open","sticky":false,"template":"","format":"standard","meta":{"footnotes":""},"categories":[43,44],"tags":[],"class_list":["post-36380","post","type-post","status-publish","format-standard","has-post-thumbnail","hentry","category-politica","category-republica-dominicana"],"_links":{"self":[{"href":"https:\/\/2horizontes.com\/index.php?rest_route=\/wp\/v2\/posts\/36380","targetHints":{"allow":["GET"]}}],"collection":[{"href":"https:\/\/2horizontes.com\/index.php?rest_route=\/wp\/v2\/posts"}],"about":[{"href":"https:\/\/2horizontes.com\/index.php?rest_route=\/wp\/v2\/types\/post"}],"author":[{"embeddable":true,"href":"https:\/\/2horizontes.com\/index.php?rest_route=\/wp\/v2\/users\/4"}],"replies":[{"embeddable":true,"href":"https:\/\/2horizontes.com\/index.php?rest_route=%2Fwp%2Fv2%2Fcomments&post=36380"}],"version-history":[{"count":1,"href":"https:\/\/2horizontes.com\/index.php?rest_route=\/wp\/v2\/posts\/36380\/revisions"}],"predecessor-version":[{"id":36382,"href":"https:\/\/2horizontes.com\/index.php?rest_route=\/wp\/v2\/posts\/36380\/revisions\/36382"}],"wp:featuredmedia":[{"embeddable":true,"href":"https:\/\/2horizontes.com\/index.php?rest_route=\/wp\/v2\/media\/36381"}],"wp:attachment":[{"href":"https:\/\/2horizontes.com\/index.php?rest_route=%2Fwp%2Fv2%2Fmedia&parent=36380"}],"wp:term":[{"taxonomy":"category","embeddable":true,"href":"https:\/\/2horizontes.com\/index.php?rest_route=%2Fwp%2Fv2%2Fcategories&post=36380"},{"taxonomy":"post_tag","embeddable":true,"href":"https:\/\/2horizontes.com\/index.php?rest_route=%2Fwp%2Fv2%2Ftags&post=36380"}],"curies":[{"name":"wp","href":"https:\/\/api.w.org\/{rel}","templated":true}]}}