{"id":36362,"date":"2015-12-15T21:33:41","date_gmt":"2015-12-15T20:33:41","guid":{"rendered":"http:\/\/2horizontes.com\/?p=36362"},"modified":"2015-12-15T21:33:41","modified_gmt":"2015-12-15T20:33:41","slug":"berlinesa-franco-esposa-de-juan-de-los-santos-fue-sacada-desmayada-de-fedomu-rd","status":"publish","type":"post","link":"https:\/\/2horizontes.com\/?p=36362","title":{"rendered":"Berlinesa Franco esposa de Juan de los Santos fue sacada desmayada de Fedomu RD"},"content":{"rendered":"<p>RD- SANTO DOMINGO ESTE-Los familiares de Juan de los Santos no asimilan la muerte del alcalde. Berlinesa Franco, esposa del fenecido alcalde, lleg\u00f3 al local de la Federaci\u00f3n Dominicana de Municipios, donde \u00e9ste fue ultimado, y la sacaron de all\u00ed desmayada.<\/p>\n<p>Berlinesa sali\u00f3 del local llorando, con la cabeza baja y lamentando la muerte de su esposo, cuando, de repente, se desmay\u00f3 y fue trasladada en una unidad de la Polic\u00eda Nacional.<\/p>\n<p>Otras personas lloran la muerte del edil, como una se\u00f1ora llamada Juana a quien se\u00f1alan como cercana colaboradora.<\/p>\n<p>A las 2:30\u00a0 de esta tarde los cuerpos, tanto de Juan de los Santos como de los otros dos hombres que murieron en el incidente, no hab\u00edan sido levantados por los\u00a0 m\u00e9dicos legistas.<\/p>\n","protected":false},"excerpt":{"rendered":"<p>RD- SANTO DOMINGO ESTE-Los familiares de Juan de los Santos no asimilan la muerte del alcalde. Berlinesa Franco, esposa del fenecido alcalde, lleg\u00f3 al local de la Federaci\u00f3n Dominicana de Municipios, donde \u00e9ste fue ultimado, y la sacaron de all\u00ed desmayada. Berlinesa sali\u00f3 del local llorando, con la cabeza baja y lamentando la muerte de [&hellip;]<\/p>\n","protected":false},"author":8,"featured_media":36363,"comment_status":"open","ping_status":"open","sticky":false,"template":"","format":"standard","meta":{"footnotes":""},"categories":[43,44,45],"tags":[],"class_list":["post-36362","post","type-post","status-publish","format-standard","has-post-thumbnail","hentry","category-politica","category-republica-dominicana","category-salud"],"_links":{"self":[{"href":"https:\/\/2horizontes.com\/index.php?rest_route=\/wp\/v2\/posts\/36362","targetHints":{"allow":["GET"]}}],"collection":[{"href":"https:\/\/2horizontes.com\/index.php?rest_route=\/wp\/v2\/posts"}],"about":[{"href":"https:\/\/2horizontes.com\/index.php?rest_route=\/wp\/v2\/types\/post"}],"author":[{"embeddable":true,"href":"https:\/\/2horizontes.com\/index.php?rest_route=\/wp\/v2\/users\/8"}],"replies":[{"embeddable":true,"href":"https:\/\/2horizontes.com\/index.php?rest_route=%2Fwp%2Fv2%2Fcomments&post=36362"}],"version-history":[{"count":1,"href":"https:\/\/2horizontes.com\/index.php?rest_route=\/wp\/v2\/posts\/36362\/revisions"}],"predecessor-version":[{"id":36364,"href":"https:\/\/2horizontes.com\/index.php?rest_route=\/wp\/v2\/posts\/36362\/revisions\/36364"}],"wp:featuredmedia":[{"embeddable":true,"href":"https:\/\/2horizontes.com\/index.php?rest_route=\/wp\/v2\/media\/36363"}],"wp:attachment":[{"href":"https:\/\/2horizontes.com\/index.php?rest_route=%2Fwp%2Fv2%2Fmedia&parent=36362"}],"wp:term":[{"taxonomy":"category","embeddable":true,"href":"https:\/\/2horizontes.com\/index.php?rest_route=%2Fwp%2Fv2%2Fcategories&post=36362"},{"taxonomy":"post_tag","embeddable":true,"href":"https:\/\/2horizontes.com\/index.php?rest_route=%2Fwp%2Fv2%2Ftags&post=36362"}],"curies":[{"name":"wp","href":"https:\/\/api.w.org\/{rel}","templated":true}]}}